{"id":30722,"date":"2024-05-13T08:00:51","date_gmt":"2024-05-13T11:00:51","guid":{"rendered":"https:\/\/www.yungayino.cl\/noticias\/?p=30722"},"modified":"2024-05-09T18:56:54","modified_gmt":"2024-05-09T21:56:54","slug":"club-de-adulto-mayor-valle-pangal-del-laja-celebro-dia-de-la-madre","status":"publish","type":"post","link":"https:\/\/www.yungayino.cl\/noticias\/?p=30722","title":{"rendered":"Club De Adulto Mayor Valle Pangal Del Laja Celebr\u00f3 D\u00eda de la Madre"},"content":{"rendered":"<p><img loading=\"lazy\" decoding=\"async\" class=\"alignnone wp-image-30723 size-full\" src=\"https:\/\/www.yungayino.cl\/noticias\/wp-content\/uploads\/2024\/05\/mamas-pangal-del-laja-1.jpg\" alt=\"\" width=\"700\" height=\"350\" srcset=\"https:\/\/www.yungayino.cl\/noticias\/wp-content\/uploads\/2024\/05\/mamas-pangal-del-laja-1.jpg 700w, https:\/\/www.yungayino.cl\/noticias\/wp-content\/uploads\/2024\/05\/mamas-pangal-del-laja-1-300x150.jpg 300w\" sizes=\"auto, (max-width: 700px) 100vw, 700px\" \/><\/p>\n<p style=\"text-align: justify;\">Yungay, mayo 2024: El Club de Adultos Mayores \u201cValle Pangal del Laja\u201d, realiz\u00f3 celebraci\u00f3n con motivo del D\u00eda de la Madre, la cual cont\u00f3 con la asistencia del alcalde Rafael Cifuentes Rodr\u00edguez, quien a su vez agradeci\u00f3 esta invitaci\u00f3n por parte de los vecinos y vecinas, adem\u00e1s de felicitar a cada una de las madres presentes por la importante labor que cumplen, destacando la relevancia de ser madres y el amor infinito que ofrecen.<\/p>\n<p style=\"text-align: justify;\">Tambi\u00e9n se\u00f1alar que en esta ocasi\u00f3n y en el marco de la campa\u00f1a de prevenci\u00f3n de invierno 2024, el equipo de emergencia aprovecho la instancia para informar a los vecinos y vecinas sobre c\u00f3mo actuar frente a casos de emergencia relacionados al mantenimiento de chimeneas, ca\u00f1ones de estufas y cocinas de combusti\u00f3n lenta.<\/p>\n","protected":false},"excerpt":{"rendered":"<p>Yungay, mayo 2024: El Club de Adultos Mayores \u201cValle Pangal del Laja\u201d, realiz\u00f3 celebraci\u00f3n con motivo del D\u00eda de la Madre, la cual cont\u00f3 con la asistencia del alcalde Rafael Cifuentes Rodr\u00edguez, quien a&#46;&#46;&#46;<\/p>\n","protected":false},"author":2,"featured_media":30723,"comment_status":"closed","ping_status":"closed","sticky":false,"template":"","format":"standard","meta":{"footnotes":""},"categories":[1],"tags":[1115,162,8,6,117],"class_list":["post-30722","post","type-post","status-publish","format-standard","has-post-thumbnail","hentry","category-noticias","tag-noticias","tag-pangal-del-laja","tag-yungay","tag-yungayino","tag-yungayinocl"],"_links":{"self":[{"href":"https:\/\/www.yungayino.cl\/noticias\/index.php?rest_route=\/wp\/v2\/posts\/30722","targetHints":{"allow":["GET"]}}],"collection":[{"href":"https:\/\/www.yungayino.cl\/noticias\/index.php?rest_route=\/wp\/v2\/posts"}],"about":[{"href":"https:\/\/www.yungayino.cl\/noticias\/index.php?rest_route=\/wp\/v2\/types\/post"}],"author":[{"embeddable":true,"href":"https:\/\/www.yungayino.cl\/noticias\/index.php?rest_route=\/wp\/v2\/users\/2"}],"replies":[{"embeddable":true,"href":"https:\/\/www.yungayino.cl\/noticias\/index.php?rest_route=%2Fwp%2Fv2%2Fcomments&post=30722"}],"version-history":[{"count":1,"href":"https:\/\/www.yungayino.cl\/noticias\/index.php?rest_route=\/wp\/v2\/posts\/30722\/revisions"}],"predecessor-version":[{"id":30724,"href":"https:\/\/www.yungayino.cl\/noticias\/index.php?rest_route=\/wp\/v2\/posts\/30722\/revisions\/30724"}],"wp:featuredmedia":[{"embeddable":true,"href":"https:\/\/www.yungayino.cl\/noticias\/index.php?rest_route=\/wp\/v2\/media\/30723"}],"wp:attachment":[{"href":"https:\/\/www.yungayino.cl\/noticias\/index.php?rest_route=%2Fwp%2Fv2%2Fmedia&parent=30722"}],"wp:term":[{"taxonomy":"category","embeddable":true,"href":"https:\/\/www.yungayino.cl\/noticias\/index.php?rest_route=%2Fwp%2Fv2%2Fcategories&post=30722"},{"taxonomy":"post_tag","embeddable":true,"href":"https:\/\/www.yungayino.cl\/noticias\/index.php?rest_route=%2Fwp%2Fv2%2Ftags&post=30722"}],"curies":[{"name":"wp","href":"https:\/\/api.w.org\/{rel}","templated":true}]}}