{"id":30736,"date":"2024-05-16T21:00:39","date_gmt":"2024-05-17T00:00:39","guid":{"rendered":"https:\/\/www.yungayino.cl\/noticias\/?p=30736"},"modified":"2024-05-16T22:19:31","modified_gmt":"2024-05-17T01:19:31","slug":"programa-de-reciclaje-en-yungay","status":"publish","type":"post","link":"https:\/\/www.yungayino.cl\/noticias\/?p=30736","title":{"rendered":"Programa De Reciclaje En Yungay"},"content":{"rendered":"<p><img loading=\"lazy\" decoding=\"async\" class=\"alignnone wp-image-30738 size-full\" src=\"https:\/\/www.yungayino.cl\/noticias\/wp-content\/uploads\/2024\/05\/16-mayo-reciclaje-1-1.jpg\" alt=\"\" width=\"700\" height=\"700\" srcset=\"https:\/\/www.yungayino.cl\/noticias\/wp-content\/uploads\/2024\/05\/16-mayo-reciclaje-1-1.jpg 700w, https:\/\/www.yungayino.cl\/noticias\/wp-content\/uploads\/2024\/05\/16-mayo-reciclaje-1-1-300x300.jpg 300w, https:\/\/www.yungayino.cl\/noticias\/wp-content\/uploads\/2024\/05\/16-mayo-reciclaje-1-1-150x150.jpg 150w, https:\/\/www.yungayino.cl\/noticias\/wp-content\/uploads\/2024\/05\/16-mayo-reciclaje-1-1-80x80.jpg 80w, https:\/\/www.yungayino.cl\/noticias\/wp-content\/uploads\/2024\/05\/16-mayo-reciclaje-1-1-320x320.jpg 320w\" sizes=\"auto, (max-width: 700px) 100vw, 700px\" \/><\/p>\n<p style=\"text-align: justify;\">Yungay, mayo 2024: En el mes del Reciclaje, se iniciar\u00e1 el nuevo programa de reciclaje en toda la comuna. \u00a1Es momento de cuidar nuestro planeta juntos!<\/p>\n<p style=\"text-align: justify;\">En la primera etapa, estar\u00e1n recibiendo:<\/p>\n<ul style=\"text-align: justify;\">\n<li>Neum\u00e1ticos, pilas, bater\u00edas y residuos electr\u00f3nicos y electrodom\u00e9sticos.<\/li>\n<li>Material reciclable como botellas pl\u00e1sticas, botellas de vidrio y latas de aluminio.<\/li>\n<\/ul>\n<p style=\"text-align: justify;\">Y en la segunda etapa, ampliar\u00e1n la recepci\u00f3n para incluir:<\/p>\n<ul style=\"text-align: justify;\">\n<li>Residuos voluminosos como colchones, muebles en desuso, restos de malla, despuntes de metales, \u00a1y m\u00e1s!<\/li>\n<li>Material reciclable como botellas pl\u00e1sticas, botellas de vidrio y latas de aluminio.<\/li>\n<\/ul>\n<p style=\"text-align: justify;\">\u00a1Todos a comprometernos con reciclar y mejorar nuestro mundo!<\/p>\n<p style=\"text-align: justify;\">Est\u00e9n atentos a la programaci\u00f3n en las im\u00e1genes adjuntas para participar y hacer la diferencia.<\/p>\n<p>&nbsp;<\/p>\n<p><img loading=\"lazy\" decoding=\"async\" class=\"alignnone wp-image-30739 size-full\" src=\"https:\/\/www.yungayino.cl\/noticias\/wp-content\/uploads\/2024\/05\/16-mayo-reciclaje-2.jpg\" alt=\"\" width=\"700\" height=\"700\" srcset=\"https:\/\/www.yungayino.cl\/noticias\/wp-content\/uploads\/2024\/05\/16-mayo-reciclaje-2.jpg 700w, https:\/\/www.yungayino.cl\/noticias\/wp-content\/uploads\/2024\/05\/16-mayo-reciclaje-2-300x300.jpg 300w, https:\/\/www.yungayino.cl\/noticias\/wp-content\/uploads\/2024\/05\/16-mayo-reciclaje-2-150x150.jpg 150w, https:\/\/www.yungayino.cl\/noticias\/wp-content\/uploads\/2024\/05\/16-mayo-reciclaje-2-80x80.jpg 80w, https:\/\/www.yungayino.cl\/noticias\/wp-content\/uploads\/2024\/05\/16-mayo-reciclaje-2-320x320.jpg 320w\" sizes=\"auto, (max-width: 700px) 100vw, 700px\" \/><\/p>\n<p><img loading=\"lazy\" decoding=\"async\" class=\"alignnone wp-image-30740 size-full\" src=\"https:\/\/www.yungayino.cl\/noticias\/wp-content\/uploads\/2024\/05\/16-mayo-reciclaje-3.jpg\" alt=\"\" width=\"700\" height=\"700\" srcset=\"https:\/\/www.yungayino.cl\/noticias\/wp-content\/uploads\/2024\/05\/16-mayo-reciclaje-3.jpg 700w, https:\/\/www.yungayino.cl\/noticias\/wp-content\/uploads\/2024\/05\/16-mayo-reciclaje-3-300x300.jpg 300w, https:\/\/www.yungayino.cl\/noticias\/wp-content\/uploads\/2024\/05\/16-mayo-reciclaje-3-150x150.jpg 150w, https:\/\/www.yungayino.cl\/noticias\/wp-content\/uploads\/2024\/05\/16-mayo-reciclaje-3-80x80.jpg 80w, https:\/\/www.yungayino.cl\/noticias\/wp-content\/uploads\/2024\/05\/16-mayo-reciclaje-3-320x320.jpg 320w\" sizes=\"auto, (max-width: 700px) 100vw, 700px\" \/><\/p>\n","protected":false},"excerpt":{"rendered":"<p>Yungay, mayo 2024: En el mes del Reciclaje, se iniciar\u00e1 el nuevo programa de reciclaje en toda la comuna. \u00a1Es momento de cuidar nuestro planeta juntos! En la primera etapa, estar\u00e1n recibiendo: Neum\u00e1ticos, pilas,&#46;&#46;&#46;<\/p>\n","protected":false},"author":2,"featured_media":30737,"comment_status":"closed","ping_status":"closed","sticky":false,"template":"","format":"standard","meta":{"footnotes":""},"categories":[1],"tags":[1115,770,8,6,117],"class_list":["post-30736","post","type-post","status-publish","format-standard","has-post-thumbnail","hentry","category-noticias","tag-noticias","tag-reciclaje","tag-yungay","tag-yungayino","tag-yungayinocl"],"_links":{"self":[{"href":"https:\/\/www.yungayino.cl\/noticias\/index.php?rest_route=\/wp\/v2\/posts\/30736","targetHints":{"allow":["GET"]}}],"collection":[{"href":"https:\/\/www.yungayino.cl\/noticias\/index.php?rest_route=\/wp\/v2\/posts"}],"about":[{"href":"https:\/\/www.yungayino.cl\/noticias\/index.php?rest_route=\/wp\/v2\/types\/post"}],"author":[{"embeddable":true,"href":"https:\/\/www.yungayino.cl\/noticias\/index.php?rest_route=\/wp\/v2\/users\/2"}],"replies":[{"embeddable":true,"href":"https:\/\/www.yungayino.cl\/noticias\/index.php?rest_route=%2Fwp%2Fv2%2Fcomments&post=30736"}],"version-history":[{"count":2,"href":"https:\/\/www.yungayino.cl\/noticias\/index.php?rest_route=\/wp\/v2\/posts\/30736\/revisions"}],"predecessor-version":[{"id":30742,"href":"https:\/\/www.yungayino.cl\/noticias\/index.php?rest_route=\/wp\/v2\/posts\/30736\/revisions\/30742"}],"wp:featuredmedia":[{"embeddable":true,"href":"https:\/\/www.yungayino.cl\/noticias\/index.php?rest_route=\/wp\/v2\/media\/30737"}],"wp:attachment":[{"href":"https:\/\/www.yungayino.cl\/noticias\/index.php?rest_route=%2Fwp%2Fv2%2Fmedia&parent=30736"}],"wp:term":[{"taxonomy":"category","embeddable":true,"href":"https:\/\/www.yungayino.cl\/noticias\/index.php?rest_route=%2Fwp%2Fv2%2Fcategories&post=30736"},{"taxonomy":"post_tag","embeddable":true,"href":"https:\/\/www.yungayino.cl\/noticias\/index.php?rest_route=%2Fwp%2Fv2%2Ftags&post=30736"}],"curies":[{"name":"wp","href":"https:\/\/api.w.org\/{rel}","templated":true}]}}