{"id":30779,"date":"2024-05-22T20:00:47","date_gmt":"2024-05-22T23:00:47","guid":{"rendered":"https:\/\/www.yungayino.cl\/noticias\/?p=30779"},"modified":"2024-05-22T20:57:11","modified_gmt":"2024-05-22T23:57:11","slug":"dia-de-la-diversidad-biologica-conociendo-y-conservando-al-queule-en-la-region","status":"publish","type":"post","link":"https:\/\/www.yungayino.cl\/noticias\/?p=30779","title":{"rendered":"D\u00eda De La Diversidad Biol\u00f3gica: Conociendo Y Conservando Al Queule En La Regi\u00f3n"},"content":{"rendered":"<p><img loading=\"lazy\" decoding=\"async\" class=\"alignnone wp-image-30781 size-full\" src=\"https:\/\/www.yungayino.cl\/noticias\/wp-content\/uploads\/2024\/05\/medio-ambiente-queulle.jpg\" alt=\"\" width=\"700\" height=\"507\" srcset=\"https:\/\/www.yungayino.cl\/noticias\/wp-content\/uploads\/2024\/05\/medio-ambiente-queulle.jpg 700w, https:\/\/www.yungayino.cl\/noticias\/wp-content\/uploads\/2024\/05\/medio-ambiente-queulle-300x217.jpg 300w\" sizes=\"auto, (max-width: 700px) 100vw, 700px\" \/><\/p>\n<p style=\"text-align: justify;\">\u00d1uble, mayo 2024: En el marco del d\u00eda mundial de la biodiversidad, celebrado cada 22 de mayo, es crucial destacar la importancia que tiene la conservaci\u00f3n de las m\u00faltiples formas de vida que habitan nuestro planeta, lo que va desde plantas, animales, microorganismos y ecosistemas.<\/p>\n<p style=\"text-align: justify;\">Es as\u00ed como en esta fecha, mediante diversas actividades a lo largo del mundo se busca poner en valor lo fundamental que resulta la diversidad biol\u00f3gica en el funcionamiento de los ecosistemas y por consiguiente, el bienestar de la humanidad, debido a los servicios ecosist\u00e9micos que nos entregan, los que van desde la regulaci\u00f3n del clima, la purificaci\u00f3n del agua, la producci\u00f3n de alimentos, hasta la adaptaci\u00f3n a los efectos del cambio clim\u00e1tico.<\/p>\n<p style=\"text-align: justify;\">Es por ello, que en un esfuerzo por concientizar a la ciudadan\u00eda y proteger la biodiversidad de nuestro pa\u00eds, es que el Ministerio de Medio Ambiente en coordinaci\u00f3n con Fundaci\u00f3n El \u00c1rbol, desde comienzos de 2023 se encuentran ejecutando el proyecto de \u201cComunicaci\u00f3n y educaci\u00f3n ambiental para la conservaci\u00f3n del queule\u201d.<\/p>\n<p style=\"text-align: justify;\">La iniciativa retoma el trabajo realizado hasta 2022 desde la cartera de Gobierno junto a la FAO en el Proyecto de Conservaci\u00f3n de Especies Amenazadas (GEF) donde desarrollaron diversas acciones para la gesti\u00f3n, conservaci\u00f3n y protecci\u00f3n del Queule, (Gomortega keule), \u00e1rbol end\u00e9mico de Chile que existe desde hace unos 100 millones de a\u00f1os, por lo que se le considera un f\u00f3sil viviente y el cual solo posible encontrar en zonas costeras de Maule, \u00d1uble y Biob\u00edo.<\/p>\n<p style=\"text-align: justify;\">Sin embargo, esta especie pese a contar con la declaraci\u00f3n de Monumento Natural desde 1995, en la actualidad figura en la lista de especies En Peligro de Extinci\u00f3n. De esta manera el proyecto de \u201cComunicaci\u00f3n y educaci\u00f3n ambiental para la conservaci\u00f3n del queule\u201d nace para continuar trabajando por sensibilizar e involucrar activamente a la ciudadan\u00eda en el cuidado y la conservaci\u00f3n de los relictos de queule.<\/p>\n<p style=\"text-align: justify;\">En palabras del seremi del Medio Ambiente de \u00d1uble, Mario Rivas, \u201cel bosque que constituye el h\u00e1bitat de queule provee importantes servicios ecosist\u00e9micos de provisi\u00f3n, regulaci\u00f3n y mantenci\u00f3n, pero tambi\u00e9n culturales. En este punto es clave la educaci\u00f3n ambiental, con el fin de que la especie pueda ser reconocida por toda la comunidad y visitantes, profundizando en las medidas para su conservaci\u00f3n\u201d.<\/p>\n<p style=\"text-align: justify;\">En el caso de la regi\u00f3n de \u00d1uble, la autoridad de Medio Ambiente se\u00f1ala que \u201cse han identificado poblaciones de esta especie en las comunas de Cobquecura, Trehuaco y Coelemu. Dentro de este marco, estamos iniciando el Plan RECOGE del Queule (Recuperaci\u00f3n, Conservaci\u00f3n y Gesti\u00f3n), lo cual permite la coordinaci\u00f3n entre servicios p\u00fablicos, ONGs y la comunidad, para ejecutar medidas como voluntariados para el control de especies ex\u00f3ticas, que ya se est\u00e1n planificando\u201d.<\/p>\n<p style=\"text-align: justify;\">En Cobquecura destaca el fundo El Quile, el cual posee una poblaci\u00f3n numerosa y en buen estado de conservaci\u00f3n de individuos de queule en parches de bosque nativo maulino de aproximadamente 40 hect\u00e1reas.<\/p>\n<p style=\"text-align: justify;\">Este sitio adem\u00e1s es uno de los pocos en el pa\u00eds donde se ha registrado la germinaci\u00f3n de las semillas de este \u00e1rbol, lo cual resulta vital para la subsistencia de la especie y adem\u00e1s alberga el queule de mayor tama\u00f1o registrado hasta ahora y el cual podr\u00eda ser considerado el \u00e1rbol madre, ya que se estima poseer\u00eda unos 500 a\u00f1os de antig\u00fcedad, siendo protegido por varias generaciones de la familia de Patricio Varas, propietario Fundo Quile.<\/p>\n<p style=\"text-align: justify;\">De esta manera, a lo largo del desarrollo del programa de \u201cComunicaci\u00f3n y educaci\u00f3n ambiental para la conservaci\u00f3n del queule\u201d, se han llevado a cabo diversas actividades en la zona, gratuitas y abiertas a la comunidad, como salidas ambientales para recorrer el sendero Hualhual en el fundo Quile, guiadas por monitores ambientales y las que contemplan visitas a hitos de inter\u00e9s respecto de este \u00e1rbol y el bosque nativo que lo acompa\u00f1a, adem\u00e1s de ser una instancia para dialogar sobre medidas de protecci\u00f3n de naturaleza y aplicar metodolog\u00edas de aprendizaje experiencial y participativo.<\/p>\n<p style=\"text-align: justify;\">Asimismo este proyecto ha desarrollado diversos talleres y jornadas de buenas pr\u00e1cticas, donde ha participado la comunidad en general y tambi\u00e9n establecimientos educacionales, para dar a conocer las caracter\u00edsticas que nos permiten identificar el queule, su h\u00e1bitat, los usos tradicionales, adem\u00e1s de sensibilizar acerca de las amenazas que hoy tienen a esta especie en Peligro de Extinci\u00f3n, idear soluciones desde la ciudadan\u00eda para su conservaci\u00f3n y adem\u00e1s dar a conocer los esfuerzos que se est\u00e1n realizando desde el Ministerio de Medio Ambiente, a trav\u00e9s de sus bajadas regionales para proteger la biodiversidad de los territorios.<\/p>\n","protected":false},"excerpt":{"rendered":"<p>\u00d1uble, mayo 2024: En el marco del d\u00eda mundial de la biodiversidad, celebrado cada 22 de mayo, es crucial destacar la importancia que tiene la conservaci\u00f3n de las m\u00faltiples formas de vida que habitan&#46;&#46;&#46;<\/p>\n","protected":false},"author":2,"featured_media":30780,"comment_status":"closed","ping_status":"closed","sticky":false,"template":"","format":"standard","meta":{"footnotes":""},"categories":[1],"tags":[904,1115,1678,8,6,117],"class_list":["post-30779","post","type-post","status-publish","format-standard","has-post-thumbnail","hentry","category-noticias","tag-medio-ambiente","tag-noticias","tag-nuble","tag-yungay","tag-yungayino","tag-yungayinocl"],"_links":{"self":[{"href":"https:\/\/www.yungayino.cl\/noticias\/index.php?rest_route=\/wp\/v2\/posts\/30779","targetHints":{"allow":["GET"]}}],"collection":[{"href":"https:\/\/www.yungayino.cl\/noticias\/index.php?rest_route=\/wp\/v2\/posts"}],"about":[{"href":"https:\/\/www.yungayino.cl\/noticias\/index.php?rest_route=\/wp\/v2\/types\/post"}],"author":[{"embeddable":true,"href":"https:\/\/www.yungayino.cl\/noticias\/index.php?rest_route=\/wp\/v2\/users\/2"}],"replies":[{"embeddable":true,"href":"https:\/\/www.yungayino.cl\/noticias\/index.php?rest_route=%2Fwp%2Fv2%2Fcomments&post=30779"}],"version-history":[{"count":1,"href":"https:\/\/www.yungayino.cl\/noticias\/index.php?rest_route=\/wp\/v2\/posts\/30779\/revisions"}],"predecessor-version":[{"id":30782,"href":"https:\/\/www.yungayino.cl\/noticias\/index.php?rest_route=\/wp\/v2\/posts\/30779\/revisions\/30782"}],"wp:featuredmedia":[{"embeddable":true,"href":"https:\/\/www.yungayino.cl\/noticias\/index.php?rest_route=\/wp\/v2\/media\/30780"}],"wp:attachment":[{"href":"https:\/\/www.yungayino.cl\/noticias\/index.php?rest_route=%2Fwp%2Fv2%2Fmedia&parent=30779"}],"wp:term":[{"taxonomy":"category","embeddable":true,"href":"https:\/\/www.yungayino.cl\/noticias\/index.php?rest_route=%2Fwp%2Fv2%2Fcategories&post=30779"},{"taxonomy":"post_tag","embeddable":true,"href":"https:\/\/www.yungayino.cl\/noticias\/index.php?rest_route=%2Fwp%2Fv2%2Ftags&post=30779"}],"curies":[{"name":"wp","href":"https:\/\/api.w.org\/{rel}","templated":true}]}}