{"id":30818,"date":"2024-05-27T07:00:12","date_gmt":"2024-05-27T10:00:12","guid":{"rendered":"https:\/\/www.yungayino.cl\/noticias\/?p=30818"},"modified":"2024-05-22T21:26:28","modified_gmt":"2024-05-23T00:26:28","slug":"autoridades-de-salud-detallan-campana-de-invierno-2024-y-el-refuerzo-de-la-red-asistencial-de-nuble","status":"publish","type":"post","link":"https:\/\/www.yungayino.cl\/noticias\/?p=30818","title":{"rendered":"Autoridades De Salud Detallan Campa\u00f1a De Invierno 2024 Y El Refuerzo De La Red Asistencial De \u00d1uble"},"content":{"rendered":"<p><img loading=\"lazy\" decoding=\"async\" class=\"alignnone wp-image-30819 size-full\" src=\"https:\/\/www.yungayino.cl\/noticias\/wp-content\/uploads\/2024\/05\/Campana-Invierno.jpg\" alt=\"\" width=\"700\" height=\"350\" srcset=\"https:\/\/www.yungayino.cl\/noticias\/wp-content\/uploads\/2024\/05\/Campana-Invierno.jpg 700w, https:\/\/www.yungayino.cl\/noticias\/wp-content\/uploads\/2024\/05\/Campana-Invierno-300x150.jpg 300w\" sizes=\"auto, (max-width: 700px) 100vw, 700px\" \/><\/p>\n<p style=\"text-align: justify;\">\u00d1uble, mayo 2024: La estrategia contempla recursos para fortalecer los distintos niveles de atenci\u00f3n y enfrentar el aumento de consultas por causa respiratoria. El \u00e9nfasis tambi\u00e9n est\u00e1 puesto en el autocuidado mediante la vacunaci\u00f3n contra la Influenza y la inmunizaci\u00f3n con Nirsevimab, para disminuir las hospitalizaciones de los m\u00e1s peque\u00f1os.<\/p>\n<p style=\"text-align: justify;\">En el Centro de Salud Familiar (Cesfam) Violeta Parra, la Seremi de Salud, Ximena Salinas Urrutia, junto con la Directora del Servicio de Salud \u00d1uble (SS\u00d1), Elizabeth Abarca Trivi\u00f1o y la Directora del establecimiento, Dra. Andrea Burgos Vivanco, informaron las medidas que se implementan en la Regi\u00f3n como parte de la Campa\u00f1a de Invierno 2024.<\/p>\n<p style=\"text-align: justify;\">La estrategia busca asegurar el buen funcionamiento de la red asistencial y promover el autocuidado. La Seremi, Ximena Salinas destac\u00f3 la importancia de la inoculaci\u00f3n como parte de la fase preparatoria: \u201cNecesitamos que las personas se vacunen. Estamos entrando al invierno y las coberturas se mantienen relativamente bajas, as\u00ed que hacemos un llamado a la poblaci\u00f3n, especialmente a las personas mayores, para que se inoculen. La vacuna evita hospitalizaciones y el desarrollo de enfermedades graves\u201d.<\/p>\n<p style=\"text-align: justify;\">Por su parte, la Directora del SS\u00d1, Elizabeth Abarca, detall\u00f3 las estrategias para afrontar el incremento de consultas que se registra en esta \u00e9poca: \u201cEl objetivo de la campa\u00f1a es disminuir la morbimortalidad por las enfermedades respiratorias. Por ello, el trabajo se organiza en torno a tres ejes que apuntan a prevenir estas patolog\u00edas, reconocer sus s\u00edntomas y fortalecer la red asistencial, promoviendo su buen uso\u201d.<\/p>\n<p style=\"text-align: justify;\">\u201cCabe recordar que estamos prepar\u00e1ndonos desde comienzos de a\u00f1o, continuamos con la inoculaci\u00f3n contra el Covid-19; en marzo parti\u00f3 la campa\u00f1a contra la Influenza. Adem\u00e1s, somos el primer pa\u00eds de Latinoam\u00e9rica en inmunizar con Nirsevimab, que previene el desarrollo de enfermedades graves en lactantes, causadas por el virus respiratorio sincicial (VRS). El a\u00f1o pasado, un gran porcentaje de ni\u00f1os y ni\u00f1as requiri\u00f3 hospitalizaci\u00f3n por esta causa, pero este a\u00f1o, hemos visto un descenso de \u00e9stas internaciones\u201d, a\u00f1adi\u00f3 la autoridad.<\/p>\n<p style=\"text-align: justify;\">El robustecimiento incorpora recursos para los distintos niveles de atenci\u00f3n; APS, urgencias, hospitalizaci\u00f3n y hospitalizaci\u00f3n domiciliaria. \u201cEn atenci\u00f3n primaria, el fortalecimiento permite la contrataci\u00f3n de equipos para la vacunaci\u00f3n; las salas IRA, ERA y los SAPUS, as\u00ed como extensiones horarias en los Cesfam; la distribuci\u00f3n de insumos y f\u00e1rmacos; unidades de apoyo y recurso humano para centro centinela regional, que permite robustecer la vigilancia epidemiol\u00f3gica\u201d, explic\u00f3 Paulina Canales, Encargada de la Campa\u00f1a de Invierno del SS\u00d1.<\/p>\n<p style=\"text-align: justify;\">La importancia de la prevenci\u00f3n<\/p>\n<p style=\"text-align: justify;\">Estas estrategias van acompa\u00f1adas de una campa\u00f1a comunicacional del Ministerio de Salud, orientada a educar e informar a la poblaci\u00f3n sobre medidas preventivas, reconocimiento de s\u00edntomas y buen uso de la red de salud durante el invierno, que este a\u00f1o tiene como idea central: \u201cPrevenir antes que lamentar\u201d.<\/p>\n<p style=\"text-align: justify;\">En ese contexto, la Dra. Andrea Burgos, directora del Cesfam, se\u00f1al\u00f3 que: \u201cDurante la pandemia todos aprendimos a cuidarnos; sabemos que es importante el lavado de manos; el uso de mascarilla ante s\u00edntomas de enfermedades respiratorias y evitar aglomeraciones. Estas medidas, junto con la vacunaci\u00f3n son gestos de generosidad, ya que si nos vacunamos podemos lograr el efecto reba\u00f1o; protegiendo a los m\u00e1s vulnerables, que se pueden enfermar de mayor gravedad; reci\u00e9n nacidos, a los lactantes menores; adultos mayores y a personas enfermas que tengan alg\u00fan grado de compromiso inmunol\u00f3gicos.<\/p>\n<p style=\"text-align: justify;\">Las autoridades tambi\u00e9n solicitaron usar adecuadamente los establecimientos. La orientaci\u00f3n es que las personas acudan primero a su Cesfam. Si necesitan atenci\u00f3n despu\u00e9s de las 17 horas, por un problema de salud que no puede esperar hasta el d\u00eda siguiente, deben dirigirse al servicio de atenci\u00f3n primaria de urgencia (SAPU) de su sector. Los profesionales que all\u00ed trabajan le derivar\u00e1n al SAR o a la Unidad de emergencia hospitalaria en caso de ser necesario.<\/p>\n<p style=\"text-align: justify;\"><strong>Ante cualquier duda, puede llamar a Salud Responde, las 24 horas del d\u00eda, los 365 d\u00edas del a\u00f1o llamando al 600 360 7777.<\/strong><\/p>\n","protected":false},"excerpt":{"rendered":"<p>\u00d1uble, mayo 2024: La estrategia contempla recursos para fortalecer los distintos niveles de atenci\u00f3n y enfrentar el aumento de consultas por causa respiratoria. El \u00e9nfasis tambi\u00e9n est\u00e1 puesto en el autocuidado mediante la vacunaci\u00f3n&#46;&#46;&#46;<\/p>\n","protected":false},"author":2,"featured_media":30819,"comment_status":"closed","ping_status":"closed","sticky":false,"template":"","format":"standard","meta":{"footnotes":""},"categories":[1,1675,1676],"tags":[3156,1115,1678,3157,65,8,6,117],"class_list":["post-30818","post","type-post","status-publish","format-standard","has-post-thumbnail","hentry","category-noticias","category-saludc","category-salud","tag-campana-de-invierno","tag-noticias","tag-nuble","tag-red-asistencial-salud","tag-salud","tag-yungay","tag-yungayino","tag-yungayinocl"],"_links":{"self":[{"href":"https:\/\/www.yungayino.cl\/noticias\/index.php?rest_route=\/wp\/v2\/posts\/30818","targetHints":{"allow":["GET"]}}],"collection":[{"href":"https:\/\/www.yungayino.cl\/noticias\/index.php?rest_route=\/wp\/v2\/posts"}],"about":[{"href":"https:\/\/www.yungayino.cl\/noticias\/index.php?rest_route=\/wp\/v2\/types\/post"}],"author":[{"embeddable":true,"href":"https:\/\/www.yungayino.cl\/noticias\/index.php?rest_route=\/wp\/v2\/users\/2"}],"replies":[{"embeddable":true,"href":"https:\/\/www.yungayino.cl\/noticias\/index.php?rest_route=%2Fwp%2Fv2%2Fcomments&post=30818"}],"version-history":[{"count":3,"href":"https:\/\/www.yungayino.cl\/noticias\/index.php?rest_route=\/wp\/v2\/posts\/30818\/revisions"}],"predecessor-version":[{"id":30822,"href":"https:\/\/www.yungayino.cl\/noticias\/index.php?rest_route=\/wp\/v2\/posts\/30818\/revisions\/30822"}],"wp:featuredmedia":[{"embeddable":true,"href":"https:\/\/www.yungayino.cl\/noticias\/index.php?rest_route=\/wp\/v2\/media\/30819"}],"wp:attachment":[{"href":"https:\/\/www.yungayino.cl\/noticias\/index.php?rest_route=%2Fwp%2Fv2%2Fmedia&parent=30818"}],"wp:term":[{"taxonomy":"category","embeddable":true,"href":"https:\/\/www.yungayino.cl\/noticias\/index.php?rest_route=%2Fwp%2Fv2%2Fcategories&post=30818"},{"taxonomy":"post_tag","embeddable":true,"href":"https:\/\/www.yungayino.cl\/noticias\/index.php?rest_route=%2Fwp%2Fv2%2Ftags&post=30818"}],"curies":[{"name":"wp","href":"https:\/\/api.w.org\/{rel}","templated":true}]}}