{"id":30828,"date":"2024-05-25T07:00:57","date_gmt":"2024-05-25T10:00:57","guid":{"rendered":"https:\/\/www.yungayino.cl\/noticias\/?p=30828"},"modified":"2024-05-24T22:40:15","modified_gmt":"2024-05-25T01:40:15","slug":"escuela-fernando-baquedano-abre-sus-puertas-este-domingo-26-de-mayo-para-toda-la-comunidad","status":"publish","type":"post","link":"https:\/\/www.yungayino.cl\/noticias\/?p=30828","title":{"rendered":"Escuela Fernando Baquedano Abre Sus Puertas Este Domingo 26 De Mayo Para Toda La Comunidad"},"content":{"rendered":"<p><img loading=\"lazy\" decoding=\"async\" class=\"alignnone wp-image-30837 size-full\" src=\"https:\/\/www.yungayino.cl\/noticias\/wp-content\/uploads\/2024\/05\/24-mayo-dia-patrimonio-escuela-Fernando-Baquedano.jpg\" alt=\"\" width=\"700\" height=\"706\" srcset=\"https:\/\/www.yungayino.cl\/noticias\/wp-content\/uploads\/2024\/05\/24-mayo-dia-patrimonio-escuela-Fernando-Baquedano.jpg 700w, https:\/\/www.yungayino.cl\/noticias\/wp-content\/uploads\/2024\/05\/24-mayo-dia-patrimonio-escuela-Fernando-Baquedano-297x300.jpg 297w, https:\/\/www.yungayino.cl\/noticias\/wp-content\/uploads\/2024\/05\/24-mayo-dia-patrimonio-escuela-Fernando-Baquedano-150x150.jpg 150w, https:\/\/www.yungayino.cl\/noticias\/wp-content\/uploads\/2024\/05\/24-mayo-dia-patrimonio-escuela-Fernando-Baquedano-80x80.jpg 80w\" sizes=\"auto, (max-width: 700px) 100vw, 700px\" \/><\/p>\n<p style=\"text-align: justify;\">Yungay, mayo 2024: En el marco del d\u00eda del patrimonio la Escuela Fernando Baquedano, junto a la Oficina de Cultura invitan a la comunidad a disfrutar de la muestra fotogr\u00e1fica <strong>\u00abYungay de Ayer\u00bb<\/strong> de don Jos\u00e9 Caama\u00f1o Quiroz, exprofesor de nuestra escuela, quien captur\u00f3 en im\u00e1genes el entorno y las personas del Yungay del pasado.<\/p>\n<p style=\"text-align: justify;\">La exposici\u00f3n se realizar\u00e1 en el hall de la escuela y estar\u00e1 abierta este domingo 26 de mayo, desde las 09:00 hasta las 14:00 horas.<\/p>\n","protected":false},"excerpt":{"rendered":"<p>Yungay, mayo 2024: En el marco del d\u00eda del patrimonio la Escuela Fernando Baquedano, junto a la Oficina de Cultura invitan a la comunidad a disfrutar de la muestra fotogr\u00e1fica \u00abYungay de Ayer\u00bb de&#46;&#46;&#46;<\/p>\n","protected":false},"author":2,"featured_media":30836,"comment_status":"closed","ping_status":"closed","sticky":false,"template":"","format":"standard","meta":{"footnotes":""},"categories":[3,1493,2571,5,1],"tags":[1556,1671,367,1115,8,6,117],"class_list":["post-30828","post","type-post","status-publish","format-standard","has-post-thumbnail","hentry","category-actualidad","category-educacion","category-educacion-2","category-eventos","category-noticias","tag-dia-patrimonio","tag-escuela","tag-fernando-baquedano","tag-noticias","tag-yungay","tag-yungayino","tag-yungayinocl"],"_links":{"self":[{"href":"https:\/\/www.yungayino.cl\/noticias\/index.php?rest_route=\/wp\/v2\/posts\/30828","targetHints":{"allow":["GET"]}}],"collection":[{"href":"https:\/\/www.yungayino.cl\/noticias\/index.php?rest_route=\/wp\/v2\/posts"}],"about":[{"href":"https:\/\/www.yungayino.cl\/noticias\/index.php?rest_route=\/wp\/v2\/types\/post"}],"author":[{"embeddable":true,"href":"https:\/\/www.yungayino.cl\/noticias\/index.php?rest_route=\/wp\/v2\/users\/2"}],"replies":[{"embeddable":true,"href":"https:\/\/www.yungayino.cl\/noticias\/index.php?rest_route=%2Fwp%2Fv2%2Fcomments&post=30828"}],"version-history":[{"count":1,"href":"https:\/\/www.yungayino.cl\/noticias\/index.php?rest_route=\/wp\/v2\/posts\/30828\/revisions"}],"predecessor-version":[{"id":30838,"href":"https:\/\/www.yungayino.cl\/noticias\/index.php?rest_route=\/wp\/v2\/posts\/30828\/revisions\/30838"}],"wp:featuredmedia":[{"embeddable":true,"href":"https:\/\/www.yungayino.cl\/noticias\/index.php?rest_route=\/wp\/v2\/media\/30836"}],"wp:attachment":[{"href":"https:\/\/www.yungayino.cl\/noticias\/index.php?rest_route=%2Fwp%2Fv2%2Fmedia&parent=30828"}],"wp:term":[{"taxonomy":"category","embeddable":true,"href":"https:\/\/www.yungayino.cl\/noticias\/index.php?rest_route=%2Fwp%2Fv2%2Fcategories&post=30828"},{"taxonomy":"post_tag","embeddable":true,"href":"https:\/\/www.yungayino.cl\/noticias\/index.php?rest_route=%2Fwp%2Fv2%2Ftags&post=30828"}],"curies":[{"name":"wp","href":"https:\/\/api.w.org\/{rel}","templated":true}]}}