{"id":30853,"date":"2024-05-29T07:00:49","date_gmt":"2024-05-29T10:00:49","guid":{"rendered":"https:\/\/www.yungayino.cl\/noticias\/?p=30853"},"modified":"2024-05-26T19:39:20","modified_gmt":"2024-05-26T22:39:20","slug":"gran-participacion-en-seminario-sobre-descontaminacion-del-aire-en-nuble","status":"publish","type":"post","link":"https:\/\/www.yungayino.cl\/noticias\/?p=30853","title":{"rendered":"Gran Participaci\u00f3n En Seminario Sobre Descontaminaci\u00f3n Del Aire En \u00d1uble"},"content":{"rendered":"<p><img loading=\"lazy\" decoding=\"async\" class=\"alignnone wp-image-30855 size-full\" src=\"https:\/\/www.yungayino.cl\/noticias\/wp-content\/uploads\/2024\/05\/descontamicacion-2.jpg\" alt=\"\" width=\"700\" height=\"350\" srcset=\"https:\/\/www.yungayino.cl\/noticias\/wp-content\/uploads\/2024\/05\/descontamicacion-2.jpg 700w, https:\/\/www.yungayino.cl\/noticias\/wp-content\/uploads\/2024\/05\/descontamicacion-2-300x150.jpg 300w\" sizes=\"auto, (max-width: 700px) 100vw, 700px\" \/><\/p>\n<p style=\"text-align: justify;\">\u00d1uble, mayo 2024: Con exposiciones de alto nivel y activa participaci\u00f3n ciudadana, el seminario <strong>\u00abDesaf\u00edos en la Calidad del Aire y Zona Saturada Valle Central de \u00d1uble\u00bb<\/strong> cont\u00f3 con m\u00e1s de 80 participantes, tanto presenciales como en l\u00ednea. Este evento marc\u00f3 el inicio de una serie de iniciativas para difundir tem\u00e1ticas relacionadas con la calidad del aire en la regi\u00f3n.<\/p>\n<p style=\"text-align: justify;\">El seminario, organizado por el Seremi del Medio Ambiente de \u00d1uble y la Universidad de Concepci\u00f3n, se llev\u00f3 a cabo en el Auditorio Jos\u00e9 Su\u00e1rez Fanjul de la Universidad de Concepci\u00f3n, sede Chill\u00e1n. La destacada concurrencia, tanto presencial como remota, subray\u00f3 la relevancia de las tem\u00e1ticas abordadas. Su objetivo principal fue la difusi\u00f3n de conocimientos sobre la calidad del aire y la importancia de la participaci\u00f3n ciudadana, en el contexto de la reciente declaratoria de zona saturada del Valle Central de \u00d1uble y el inicio del proceso de elaboraci\u00f3n de un nuevo Plan de Descontaminaci\u00f3n Atmosf\u00e9rica (PDA). El evento cont\u00f3 con la presencia de estudiantes, docentes, y profesionales de la Seremi de Salud, Conaf, y la Seremi del Medio Ambiente de \u00d1uble.<\/p>\n<p style=\"text-align: justify;\">Mario Rivas, Seremi del Medio Ambiente de \u00d1uble, destac\u00f3 el gran inter\u00e9s por estas tem\u00e1ticas tanto de los alumnos de la universidad como de sus docentes y los servicios p\u00fablicos presentes. Expres\u00f3: \u201cRespirar un aire m\u00e1s limpio es tarea de todos, y por eso valoramos la articulaci\u00f3n intersectorial y tambi\u00e9n la colaboraci\u00f3n con la academia y sus investigaciones que nos permiten profundizar en los impactos del material particulado en la salud de las personas. Hacemos un llamado a la ciudadan\u00eda a estar pendientes y seguir las recomendaciones frente a episodios cr\u00edticos de mala calidad del aire y a utilizar medios de calefacci\u00f3n m\u00e1s eficientes, como los del programa de recambio de calefactores, financiado con el apoyo del gobierno regional de \u00d1uble\u00bb.<\/p>\n<p style=\"text-align: justify;\">El seminario destac\u00f3 varias presentaciones significativas, donde se presentaron datos sobre el estado actual de la calidad del aire en la Zona Saturada Valle Central de \u00d1uble, junto con las etapas previstas para el desarrollo del nuevo Plan de Descontaminaci\u00f3n Atmosf\u00e9rica (PDA), adem\u00e1s se resalt\u00f3 la importancia de la participaci\u00f3n de la comunidad en la formulaci\u00f3n y ejecuci\u00f3n de pol\u00edticas ambientales, a trav\u00e9s de la Participaci\u00f3n Ambiental Ciudadana y los Procesos de Consulta P\u00fablica, y se evaluaron los programas de recambio de calefactores y aislamiento t\u00e9rmico como medidas para combatir la contaminaci\u00f3n intradomiciliaria, destacando sus beneficios en la mejora de la calidad del aire interior.<\/p>\n<p style=\"text-align: justify;\">Una de las expositoras, Heidi M\u00e4nnle, estudiante de Qu\u00edmica Ambiental de la Universidad de Chile, explic\u00f3 sobre la composici\u00f3n del material particulado y su reactividad, enmarcada dentro de su proyecto de t\u00edtulo sobre \u201cCaracterizaci\u00f3n de materiales pesados dentro del material particulado\u201d. Al respecto, detall\u00f3: \u201cTrabajamos principalmente para conocer cu\u00e1les son los metales presentes, ya que algunos son perjudiciales para la salud, como el plomo y el ars\u00e9nico, que ahora est\u00e1n dentro de la normativa chilena, y ver cu\u00e1l es la incidencia de estos metales en la salud\u201d. Adem\u00e1s, se\u00f1al\u00f3 que este estudio se realiz\u00f3 inicialmente durante la temporada de primavera y ahora se proyecta realizarlo en \u00e9poca de invierno para constatar las diferencias de concentraci\u00f3n de materiales pesados entre ambas estaciones.<\/p>\n<p style=\"text-align: justify;\">Por otra parte, Marcela Jaime Torres, Profesor(a) Asociado de la Escuela de Administraci\u00f3n y Negocios de la Universidad de Concepci\u00f3n, campus Chill\u00e1n, y directora del Centro NENRE EfD-Chile, destac\u00f3: \u201cEs una instancia s\u00faper importante porque permite unir todas las dimensiones en las que estamos interesados en analizar esta problem\u00e1tica. Es un espacio en el que se informa a la comunidad, se informan a los distintos agentes y entre todos, al un\u00edsono, nos complementamos en nuestros quehaceres para entender mejor el problema. Para los estudiantes, es muy relevante, primero que todo, tener la posibilidad de participar en estas instancias. Segundo, conocer los problemas que aquejan a la regi\u00f3n, a la ciudad, al pa\u00eds, y tambi\u00e9n el ser part\u00edcipes de estas instancias los motiva a abordar el estudio de estos problemas de manera m\u00e1s formal a trav\u00e9s de sus tesis y, por qu\u00e9 no, a futuro mediando su elecci\u00f3n vocacional en la educaci\u00f3n de postgrado\u201d.<\/p>\n<p style=\"text-align: justify;\">La instancia, que reuni\u00f3 a destacados expertos y participantes interesados en el tema, sirvi\u00f3 como un espacio fundamental para la difusi\u00f3n de conocimientos, la promoci\u00f3n del di\u00e1logo y la identificaci\u00f3n de acciones concretas para abordar los desaf\u00edos ambientales en la regi\u00f3n. Los temas tratados, desde la calidad del aire hasta la participaci\u00f3n ciudadana y los programas de recambio de calefactores, reflejan el compromiso conjunto de diversos actores en la b\u00fasqueda de soluciones efectivas. Este evento marca un paso significativo en la comprensi\u00f3n y la acci\u00f3n colectiva frente a la problem\u00e1tica ambiental en \u00d1uble.<\/p>\n<p style=\"text-align: justify;\">Por \u00faltimo, se recuerda a la ciudadan\u00eda que para m\u00e1s informaci\u00f3n, pueden comunicarse con la Seremi del Medio Ambiente de \u00d1uble a trav\u00e9s del correo electr\u00f3nico <strong>oficinadepartesnuble@mma.gob.cl<\/strong> o llamando al tel\u00e9fono <strong>+56 42 245 4016<\/strong>.<\/p>\n<p>&nbsp;<\/p>\n<p><img loading=\"lazy\" decoding=\"async\" class=\"alignnone wp-image-30854 size-full\" src=\"https:\/\/www.yungayino.cl\/noticias\/wp-content\/uploads\/2024\/05\/descontamicacion-1.jpg\" alt=\"\" width=\"700\" height=\"525\" srcset=\"https:\/\/www.yungayino.cl\/noticias\/wp-content\/uploads\/2024\/05\/descontamicacion-1.jpg 700w, https:\/\/www.yungayino.cl\/noticias\/wp-content\/uploads\/2024\/05\/descontamicacion-1-300x225.jpg 300w\" sizes=\"auto, (max-width: 700px) 100vw, 700px\" \/><\/p>\n<p><img loading=\"lazy\" decoding=\"async\" class=\"alignnone wp-image-30856 size-full\" src=\"https:\/\/www.yungayino.cl\/noticias\/wp-content\/uploads\/2024\/05\/descontamicacion-3.jpg\" alt=\"\" width=\"700\" height=\"525\" srcset=\"https:\/\/www.yungayino.cl\/noticias\/wp-content\/uploads\/2024\/05\/descontamicacion-3.jpg 700w, https:\/\/www.yungayino.cl\/noticias\/wp-content\/uploads\/2024\/05\/descontamicacion-3-300x225.jpg 300w\" sizes=\"auto, (max-width: 700px) 100vw, 700px\" \/><\/p>\n","protected":false},"excerpt":{"rendered":"<p>\u00d1uble, mayo 2024: Con exposiciones de alto nivel y activa participaci\u00f3n ciudadana, el seminario \u00abDesaf\u00edos en la Calidad del Aire y Zona Saturada Valle Central de \u00d1uble\u00bb cont\u00f3 con m\u00e1s de 80 participantes, tanto&#46;&#46;&#46;<\/p>\n","protected":false},"author":2,"featured_media":30855,"comment_status":"closed","ping_status":"closed","sticky":false,"template":"","format":"standard","meta":{"footnotes":""},"categories":[1],"tags":[904,1115,1678,8,6,117],"class_list":["post-30853","post","type-post","status-publish","format-standard","has-post-thumbnail","hentry","category-noticias","tag-medio-ambiente","tag-noticias","tag-nuble","tag-yungay","tag-yungayino","tag-yungayinocl"],"_links":{"self":[{"href":"https:\/\/www.yungayino.cl\/noticias\/index.php?rest_route=\/wp\/v2\/posts\/30853","targetHints":{"allow":["GET"]}}],"collection":[{"href":"https:\/\/www.yungayino.cl\/noticias\/index.php?rest_route=\/wp\/v2\/posts"}],"about":[{"href":"https:\/\/www.yungayino.cl\/noticias\/index.php?rest_route=\/wp\/v2\/types\/post"}],"author":[{"embeddable":true,"href":"https:\/\/www.yungayino.cl\/noticias\/index.php?rest_route=\/wp\/v2\/users\/2"}],"replies":[{"embeddable":true,"href":"https:\/\/www.yungayino.cl\/noticias\/index.php?rest_route=%2Fwp%2Fv2%2Fcomments&post=30853"}],"version-history":[{"count":2,"href":"https:\/\/www.yungayino.cl\/noticias\/index.php?rest_route=\/wp\/v2\/posts\/30853\/revisions"}],"predecessor-version":[{"id":30858,"href":"https:\/\/www.yungayino.cl\/noticias\/index.php?rest_route=\/wp\/v2\/posts\/30853\/revisions\/30858"}],"wp:featuredmedia":[{"embeddable":true,"href":"https:\/\/www.yungayino.cl\/noticias\/index.php?rest_route=\/wp\/v2\/media\/30855"}],"wp:attachment":[{"href":"https:\/\/www.yungayino.cl\/noticias\/index.php?rest_route=%2Fwp%2Fv2%2Fmedia&parent=30853"}],"wp:term":[{"taxonomy":"category","embeddable":true,"href":"https:\/\/www.yungayino.cl\/noticias\/index.php?rest_route=%2Fwp%2Fv2%2Fcategories&post=30853"},{"taxonomy":"post_tag","embeddable":true,"href":"https:\/\/www.yungayino.cl\/noticias\/index.php?rest_route=%2Fwp%2Fv2%2Ftags&post=30853"}],"curies":[{"name":"wp","href":"https:\/\/api.w.org\/{rel}","templated":true}]}}