{"id":30859,"date":"2024-05-28T07:00:19","date_gmt":"2024-05-28T10:00:19","guid":{"rendered":"https:\/\/www.yungayino.cl\/noticias\/?p=30859"},"modified":"2024-05-26T19:45:22","modified_gmt":"2024-05-26T22:45:22","slug":"sernameg-nuble-lanza-convocatoria-para-participar-en-la-escuela-de-lideres-politicas-y-sociales","status":"publish","type":"post","link":"https:\/\/www.yungayino.cl\/noticias\/?p=30859","title":{"rendered":"SernamEG \u00d1uble Lanza Convocatoria Para Participar En La Escuela De L\u00edderes Pol\u00edticas Y Sociales"},"content":{"rendered":"<p><img loading=\"lazy\" decoding=\"async\" class=\"alignnone wp-image-30860 size-full\" src=\"https:\/\/www.yungayino.cl\/noticias\/wp-content\/uploads\/2024\/05\/egresadas-2023.jpg\" alt=\"\" width=\"700\" height=\"350\" srcset=\"https:\/\/www.yungayino.cl\/noticias\/wp-content\/uploads\/2024\/05\/egresadas-2023.jpg 700w, https:\/\/www.yungayino.cl\/noticias\/wp-content\/uploads\/2024\/05\/egresadas-2023-300x150.jpg 300w\" sizes=\"auto, (max-width: 700px) 100vw, 700px\" \/><\/p>\n<p style=\"text-align: justify;\">\u00d1uble, mayo 2024: La iniciativa est\u00e1 destinada para mujeres que tengan inter\u00e9s en la participaci\u00f3n pol\u00edtica y social.<\/p>\n<p style=\"text-align: justify;\"><strong>Hasta<\/strong><strong> el viernes 31 de mayo<\/strong><strong>\u00a0estar\u00e1n abiertas las postulaciones<\/strong> para participar en la\u00a0<strong>Escuela de L\u00edderes Pol\u00edticas y Sociales del SernamEG<\/strong>, a trav\u00e9s del formulario disponible en este <a href=\"https:\/\/www.sernameg.gob.cl\/?page_id=44996\">https:\/\/www.sernameg.gob.cl\/?page_id=44996<\/a>.<\/p>\n<p style=\"text-align: justify;\">El espacio est\u00e1 dirigido a mujeres de todo el pa\u00eds, desde los 15 a\u00f1os en adelante, que quieran fortalecer sus habilidades de liderazgo, pertenezcan a una organizaci\u00f3n y\/o tengan inter\u00e9s en participar en espacios de toma de decisi\u00f3n.<\/p>\n<p style=\"text-align: justify;\">Las clases se desarrollar\u00e1n en modalidad e-learnning, y contar\u00e1 con seis m\u00f3dulos de aprendizaje, considerando, adem\u00e1s, una clase de bienvenida y capacitaci\u00f3n sobre la plataforma a trav\u00e9s de la cual se dictar\u00e1 la escuela, sumando ocho semanas continuas de estudio.<\/p>\n<p style=\"text-align: justify;\">Cada uno de los seis m\u00f3dulos de la escuela se iniciar\u00e1 con una clase sincr\u00f3nica para presentar los contenidos que se abordar\u00e1n. La escuela contempla 40 horas aproximadamente y las clases se desarrollar\u00e1n entre los meses de julio, agosto y septiembre del 2024.<\/p>\n<p style=\"text-align: justify;\">\u201cDesde el SernamEG nos interesa seguir apoyando la participaci\u00f3n de las mujeres en los espacios de poder y de toma de decisiones. Las cifras siguen evidenciando una importante brecha de g\u00e9nero en t\u00e9rminos de representatividad. El prop\u00f3sito de la escuela es potenciar los liderazgos de la diversidad de mujeres y contribuir en su participaci\u00f3n en todos los territorios y \u00e1mbitos de la sociedad\u201d, sostuvo la directora nacional del SernamEG, Priscilla Carrasco\u201d.<\/p>\n<p style=\"text-align: justify;\">Nicol Ulloa Castillo, Directora regional de SernamEG, comento \u00a1Queremos contarles que se encuentran abiertas las postulaciones a la Escuela de L\u00edderes Pol\u00edticas y Sociales 2024! Hasta el 31 de mayo puedes postular a trav\u00e9s de la p\u00e1gina www.sernameg.gob.cl y pueden postular mujeres desde los 15 a\u00f1os. Las clases se desarrollar\u00e1n en modalidad e-learning y contar\u00e1 con seis m\u00f3dulos, contemplando 40 horas de capacitaci\u00f3n distribuidas en ocho semanas continuas de estudio entre julio, agosto y septiembre de este a\u00f1o. Desde el SERNAMEG, sabemos que a nivel pa\u00eds y espec\u00edficamente en \u00d1uble existe una brecha de g\u00e9nero en cargos de representatividad, poder y toma de decisiones. La invitaci\u00f3n es a ser parte de la escuela ? que busca potenciar los liderazgos de la diversidad de mujeres y contribuir en su participaci\u00f3n en el territorio de nuestra regi\u00f3n, ya sea en espacios deportivos, sindicales, escolares, partidistas, organizaciones sociales y funcionales, entre otros.<\/p>\n<p style=\"text-align: justify;\"><strong>\u00a0<\/strong><\/p>\n<p style=\"text-align: justify;\"><strong><u>Postulaciones<\/u><\/strong><\/p>\n<p style=\"text-align: justify;\">El objetivo de la escuela es contribuir en el mejoramiento de habilidades y competencias de las mujeres para ejercer sus liderazgos y potenciar una participaci\u00f3n activa e incidente en distintos espacios de decisi\u00f3n. En esta instancia las mujeres comparten estrategias de influencia, redes de contactos y la posibilidad de crear comunidades en sus regiones, adem\u00e1s de recibir informaci\u00f3n para un uso \u00f3ptimo de las redes sociales y TIC\u00b4S en general. Asimismo, pueden adquirir m\u00e1s elementos para liderar con enfoque de g\u00e9nero procesos de emergencias y desastres naturales.<\/p>\n<p style=\"text-align: justify;\">Las mujeres interesadas en participar en la escuela deben ingresar su postulaci\u00f3n completando toda la informaci\u00f3n solicitada en la ficha.<\/p>\n<p style=\"text-align: justify;\">Los resultados de las postulaciones, estar\u00e1n disponibles entre el 17 y 21 de junio. Las personas seleccionadas ser\u00e1n notificadas por correo electr\u00f3nico. Tambi\u00e9n se puede conocer, a trav\u00e9s de las direcciones regionales de SernamEG correspondiente a la comuna de residencia de la postulante. Una vez seleccionadas las personas interesadas, se les enviar\u00e1 toda la informaci\u00f3n de fechas, horarios y actividades.<\/p>\n<p style=\"text-align: justify;\">Es importante precisar que tendr\u00e1n preferencia de cupos las mujeres que postulas por primera vez a la Escuela de L\u00edderes Pol\u00edticas y Sociales 2024. Los cupos son limitados, por lo que la postulaci\u00f3n a la escuela no implica autom\u00e1ticamente su selecci\u00f3n.<\/p>\n<p style=\"text-align: justify;\"><strong>Para realizar consultas se dispuso el correo mujeryparticipacion@sernameg.gob.cl<\/strong><\/p>\n","protected":false},"excerpt":{"rendered":"<p>\u00d1uble, mayo 2024: La iniciativa est\u00e1 destinada para mujeres que tengan inter\u00e9s en la participaci\u00f3n pol\u00edtica y social. Hasta el viernes 31 de mayo\u00a0estar\u00e1n abiertas las postulaciones para participar en la\u00a0Escuela de L\u00edderes Pol\u00edticas&#46;&#46;&#46;<\/p>\n","protected":false},"author":2,"featured_media":30860,"comment_status":"closed","ping_status":"closed","sticky":false,"template":"","format":"standard","meta":{"footnotes":""},"categories":[1],"tags":[3161,1115,1697,1567,8,6],"class_list":["post-30859","post","type-post","status-publish","format-standard","has-post-thumbnail","hentry","category-noticias","tag-escuela-de-lideres-politicas-y-sociales","tag-noticias","tag-sernameg","tag-yunagyino-cl","tag-yungay","tag-yungayino"],"_links":{"self":[{"href":"https:\/\/www.yungayino.cl\/noticias\/index.php?rest_route=\/wp\/v2\/posts\/30859","targetHints":{"allow":["GET"]}}],"collection":[{"href":"https:\/\/www.yungayino.cl\/noticias\/index.php?rest_route=\/wp\/v2\/posts"}],"about":[{"href":"https:\/\/www.yungayino.cl\/noticias\/index.php?rest_route=\/wp\/v2\/types\/post"}],"author":[{"embeddable":true,"href":"https:\/\/www.yungayino.cl\/noticias\/index.php?rest_route=\/wp\/v2\/users\/2"}],"replies":[{"embeddable":true,"href":"https:\/\/www.yungayino.cl\/noticias\/index.php?rest_route=%2Fwp%2Fv2%2Fcomments&post=30859"}],"version-history":[{"count":3,"href":"https:\/\/www.yungayino.cl\/noticias\/index.php?rest_route=\/wp\/v2\/posts\/30859\/revisions"}],"predecessor-version":[{"id":30863,"href":"https:\/\/www.yungayino.cl\/noticias\/index.php?rest_route=\/wp\/v2\/posts\/30859\/revisions\/30863"}],"wp:featuredmedia":[{"embeddable":true,"href":"https:\/\/www.yungayino.cl\/noticias\/index.php?rest_route=\/wp\/v2\/media\/30860"}],"wp:attachment":[{"href":"https:\/\/www.yungayino.cl\/noticias\/index.php?rest_route=%2Fwp%2Fv2%2Fmedia&parent=30859"}],"wp:term":[{"taxonomy":"category","embeddable":true,"href":"https:\/\/www.yungayino.cl\/noticias\/index.php?rest_route=%2Fwp%2Fv2%2Fcategories&post=30859"},{"taxonomy":"post_tag","embeddable":true,"href":"https:\/\/www.yungayino.cl\/noticias\/index.php?rest_route=%2Fwp%2Fv2%2Ftags&post=30859"}],"curies":[{"name":"wp","href":"https:\/\/api.w.org\/{rel}","templated":true}]}}