{"id":30864,"date":"2024-05-26T19:00:31","date_gmt":"2024-05-26T22:00:31","guid":{"rendered":"https:\/\/www.yungayino.cl\/noticias\/?p=30864"},"modified":"2024-05-26T19:46:50","modified_gmt":"2024-05-26T22:46:50","slug":"nuble-subsecretario-de-redes-asistenciales-constata-estado-de-los-establecimientos-de-salud-y-el-avance-en-el-proceso-de-vacunacion","status":"publish","type":"post","link":"https:\/\/www.yungayino.cl\/noticias\/?p=30864","title":{"rendered":"\u00d1uble: Subsecretario De Redes Asistenciales Constata Estado De Los Establecimientos De Salud Y El Avance En El Proceso De Vacunaci\u00f3n"},"content":{"rendered":"<p><img loading=\"lazy\" decoding=\"async\" class=\"alignnone wp-image-30865 size-full\" src=\"https:\/\/www.yungayino.cl\/noticias\/wp-content\/uploads\/2024\/05\/Visita-Subsecretario.jpg\" alt=\"\" width=\"700\" height=\"350\" srcset=\"https:\/\/www.yungayino.cl\/noticias\/wp-content\/uploads\/2024\/05\/Visita-Subsecretario.jpg 700w, https:\/\/www.yungayino.cl\/noticias\/wp-content\/uploads\/2024\/05\/Visita-Subsecretario-300x150.jpg 300w\" sizes=\"auto, (max-width: 700px) 100vw, 700px\" \/><\/p>\n<p style=\"text-align: justify;\">\u00d1uble, mayo 2024: Con visita al SAR del Cesfam Michelle Bachelet de Chill\u00e1n Viejo y a los distintos puntos de inmunizaci\u00f3n desplegados durante el domingo, la autoridad ministerial verific\u00f3 el desarrollo e implementaci\u00f3n de la Campa\u00f1a de Invierno en la regi\u00f3n, entregando importantes noticias para la red.<\/p>\n<p style=\"text-align: justify;\">El Subsecretario de Redes Asistenciales, Dr. Osvaldo Salgado Zepeda, lleg\u00f3 este domingo a \u00d1uble, donde, junto con reunirse con autoridades, realiz\u00f3 un recorrido por la Red de Salud y los dispositivos de inmunizaci\u00f3n, verificando el funcionamiento y el avance en la Campa\u00f1a de Vacunaci\u00f3n contra la Influenza, cuya cobertura en la Regi\u00f3n supera el 72%.<\/p>\n<p style=\"text-align: justify;\">Una jornada que contempl\u00f3 la visita al SAR del Cesfam Michelle Bachelet de Chill\u00e1n Viejo y a uno de los puntos de inmunizaci\u00f3n habilitados durante la jornada, adem\u00e1s de una reuni\u00f3n sostenida el Gobernador Regional de \u00d1uble, \u00d3scar Cris\u00f3stomo Llanos, el Delegado Presidencial, Anwar Farr\u00e1n Veloso y equipos de salud.<\/p>\n<p style=\"text-align: justify;\">\u201c\u00d1uble tiene una cobertura de 72% de vacunaci\u00f3n por sobre el nacional que llega a 60%. No obstante, tiene tasas bajas en los grupos de riesgo de mayores de 60 y embarazadas. El servicio de salud y la Seremi est\u00e1n disponiendo de puntos de vacunaci\u00f3n que han ido increment\u00e1ndose en el curso de la campa\u00f1a. Vamos a llegar a m\u00e1s de 70 puntos, por lo tanto, el llamado a todas las personas que est\u00e1n en los grupos de riesgo es a vacunarse, pero en particular mayores de 60 y embarazadas que tienen las tasas m\u00e1s bajas de vacunaci\u00f3n en la regi\u00f3n\u201d, precis\u00f3 el Subsecretario Salgado.<\/p>\n<p style=\"text-align: justify;\">Asimismo, indic\u00f3 que, \u201cestamos disponiendo de aumento de recursos para atenci\u00f3n primaria. Recordar que se decret\u00f3 alerta sanitaria y eso nos permite tener una capacidad mayor de movilizar recursos, y vamos a disponer de eso para el Servicio de Nuble. Adem\u00e1s, desde antes, dentro de la campa\u00f1a estaba la apertura de funcionamiento de 2 SAR, uno en Coihueco y el otro en el Cesfam Ultraestaci\u00f3n en Chill\u00e1n. Ya est\u00e1n todos los procesos administrativos para transferencia de recursos, de tal manera que a partir del 1\u00b0 de junio en Chill\u00e1n va a aumentar la capacidad de atenci\u00f3n con este SAR, y lo mismo en la segunda quincena de junio en Coihueco, eso significa que esos centros van a tener una capacidad mayor de resoluci\u00f3n de los problemas\u201d.<\/p>\n<p style=\"text-align: justify;\">En la misma l\u00ednea, el Gobernador Regional de \u00d1uble, enfatiz\u00f3 que, \u00abpara el Gobierno Regional ha sido una prioridad la salud para los habitantes de nuestra regi\u00f3n, y eso no solamente se traduce en mayor financiamiento a distintas iniciativas que hemos implementado en conjunto, sino que tambi\u00e9n, cuidar la salud de las personas cuando existen situaciones como la que hemos vivido la \u00faltima semana. Agradecer que el Ministerio de Salud, hoy representado por el Subsecretario, est\u00e9 en \u00d1uble, porque da cuenta que ha sido escuchada la voz de la regi\u00f3n, para poder concretar medidas excepcionales que permitan hacer frente a la situaci\u00f3n\u201d.<\/p>\n<p style=\"text-align: justify;\">\u201cCreemos tremendamente oportunas las medidas que ha planteado, primero, aumentar los puntos de vacunaci\u00f3n y en el corto plazo abrir dos SAR nuevos. Entendemos tambi\u00e9n que es oportuno el reforzar la salud en el sector rural, por lo tanto, la telemedicina y el desplazamiento de equipos para ir a vacunar, es acertado en los tiempos que estamos viviendo. Estas medidas tienden a reforzar a nuestros equipos de salud, tanto de la atenci\u00f3n domiciliaria como de los establecimientos hospitalarios y del sistema en su conjunto y creo que una buena noticia finalmente, porque eso descomprime la situaci\u00f3n actual\u00bb, recalc\u00f3 la primera autoridad regional.<\/p>\n<p style=\"text-align: justify;\">En la Regi\u00f3n, actualmente se encuentran habilitados 70 puntos en todo el territorio, los cuales pueden revisar en la redes sociales y p\u00e1gina web del Servicio de Salud \u00d1uble.<\/p>\n<p style=\"text-align: justify;\">Desde el 1 de junio se agrega a la red de vigilancia del pa\u00eds el centro centinela Herminda Mart\u00edn, eso significa que habr\u00e1 informaci\u00f3n local sobre patolog\u00edas respiratorias.<\/p>\n","protected":false},"excerpt":{"rendered":"<p>\u00d1uble, mayo 2024: Con visita al SAR del Cesfam Michelle Bachelet de Chill\u00e1n Viejo y a los distintos puntos de inmunizaci\u00f3n desplegados durante el domingo, la autoridad ministerial verific\u00f3 el desarrollo e implementaci\u00f3n de&#46;&#46;&#46;<\/p>\n","protected":false},"author":2,"featured_media":30865,"comment_status":"closed","ping_status":"closed","sticky":false,"template":"","format":"standard","meta":{"footnotes":""},"categories":[1,1675,1676],"tags":[1115,1678,65,185,8,6,117],"class_list":["post-30864","post","type-post","status-publish","format-standard","has-post-thumbnail","hentry","category-noticias","category-saludc","category-salud","tag-noticias","tag-nuble","tag-salud","tag-vacunacion","tag-yungay","tag-yungayino","tag-yungayinocl"],"_links":{"self":[{"href":"https:\/\/www.yungayino.cl\/noticias\/index.php?rest_route=\/wp\/v2\/posts\/30864","targetHints":{"allow":["GET"]}}],"collection":[{"href":"https:\/\/www.yungayino.cl\/noticias\/index.php?rest_route=\/wp\/v2\/posts"}],"about":[{"href":"https:\/\/www.yungayino.cl\/noticias\/index.php?rest_route=\/wp\/v2\/types\/post"}],"author":[{"embeddable":true,"href":"https:\/\/www.yungayino.cl\/noticias\/index.php?rest_route=\/wp\/v2\/users\/2"}],"replies":[{"embeddable":true,"href":"https:\/\/www.yungayino.cl\/noticias\/index.php?rest_route=%2Fwp%2Fv2%2Fcomments&post=30864"}],"version-history":[{"count":1,"href":"https:\/\/www.yungayino.cl\/noticias\/index.php?rest_route=\/wp\/v2\/posts\/30864\/revisions"}],"predecessor-version":[{"id":30866,"href":"https:\/\/www.yungayino.cl\/noticias\/index.php?rest_route=\/wp\/v2\/posts\/30864\/revisions\/30866"}],"wp:featuredmedia":[{"embeddable":true,"href":"https:\/\/www.yungayino.cl\/noticias\/index.php?rest_route=\/wp\/v2\/media\/30865"}],"wp:attachment":[{"href":"https:\/\/www.yungayino.cl\/noticias\/index.php?rest_route=%2Fwp%2Fv2%2Fmedia&parent=30864"}],"wp:term":[{"taxonomy":"category","embeddable":true,"href":"https:\/\/www.yungayino.cl\/noticias\/index.php?rest_route=%2Fwp%2Fv2%2Fcategories&post=30864"},{"taxonomy":"post_tag","embeddable":true,"href":"https:\/\/www.yungayino.cl\/noticias\/index.php?rest_route=%2Fwp%2Fv2%2Ftags&post=30864"}],"curies":[{"name":"wp","href":"https:\/\/api.w.org\/{rel}","templated":true}]}}