{"id":30873,"date":"2024-05-27T12:00:03","date_gmt":"2024-05-27T15:00:03","guid":{"rendered":"https:\/\/www.yungayino.cl\/noticias\/?p=30873"},"modified":"2024-05-27T14:19:12","modified_gmt":"2024-05-27T17:19:12","slug":"programa-quiero-mi-barrio-inauguro-su-llegada-en-yungay-con-una-fiesta-al-estilo-de-los-60","status":"publish","type":"post","link":"https:\/\/www.yungayino.cl\/noticias\/?p=30873","title":{"rendered":"Programa \u201cQuiero Mi Barrio\u201d Inaugur\u00f3 Su Llegada En Yungay Con Una Fiesta Al Estilo De Los 60\u2019"},"content":{"rendered":"<p><img loading=\"lazy\" decoding=\"async\" class=\"alignnone wp-image-30874 size-full\" src=\"https:\/\/www.yungayino.cl\/noticias\/wp-content\/uploads\/2024\/05\/portada-8.jpg\" alt=\"\" width=\"700\" height=\"350\" srcset=\"https:\/\/www.yungayino.cl\/noticias\/wp-content\/uploads\/2024\/05\/portada-8.jpg 700w, https:\/\/www.yungayino.cl\/noticias\/wp-content\/uploads\/2024\/05\/portada-8-300x150.jpg 300w\" sizes=\"auto, (max-width: 700px) 100vw, 700px\" \/><\/p>\n<p style=\"text-align: justify;\">Yungay, mayo 2024: Programa \u201cQuiero Mi Barrio\u201d realiz\u00f3 una ceremonia de inauguraci\u00f3n el pasado s\u00e1bado 25 de mayo, tras cinco meses de trabajo, la cu\u00e1l cont\u00f3 con la asistencia del alcalde Rafael Cifuentes, el Seremi de Vivienda, Antonio Marchant, Concejales, Autoridades Locales, Vecinos y Vecinas, para difundir el programa y reafirmar la vinculaci\u00f3n con los beneficiados de la Poblaci\u00f3n El Roble y Laguna Blanca.<\/p>\n<p style=\"text-align: justify;\">En el evento se habl\u00f3 de los objetivos y la pol\u00edtica p\u00fablica del Ministerio de Vivienda y Urbanismo que busca progresar en convivencia, crear comunidad y mejorar los espacios p\u00fablicos. Cabe se\u00f1alar que \u201c<strong>Quiero Mi Barrio\u201d,<\/strong> tiene presencia regional en Coihueco, Chill\u00e1n, Chill\u00e1n Viejo, Quirihue, San Carlos, San Nicol\u00e1s, Coelemu, Bulnes y tras varias gestiones de la Municipalidad de Yungay lleg\u00f3 este a\u00f1o a la comuna.<\/p>\n<p style=\"text-align: justify;\">Destacar que El Barrio Parque Estadio tendr\u00e1 casi cinco a\u00f1os de intervenci\u00f3n, las oficinas del programa est\u00e1n dentro del sector beneficiado, precisamente en JJ Prieto #273. En su fase 1, se han dedicado a analizar y recaudar las opiniones, para as\u00ed ver qu\u00e9 problemas necesitan urgencia y planificar las intervenciones en el corto y largo plazo.<\/p>\n<p style=\"text-align: justify;\">Finalmente, los asistentes pudieron disfrutar tambi\u00e9n en la ocasi\u00f3n de un panorama de diversi\u00f3n con juegos, m\u00fasica en vivo, emprendedores locales y c\u00e1mara 360\u00b0.<\/p>\n<p>&nbsp;<\/p>\n<p style=\"text-align: center;\"><strong>FOTOGRAF\u00cdAS:<\/strong><\/p>\n<p style=\"text-align: center;\"><iframe loading=\"lazy\" style=\"border: none; overflow: hidden;\" src=\"https:\/\/www.facebook.com\/plugins\/post.php?href=https%3A%2F%2Fwww.facebook.com%2Fyungayino.cl%2Fposts%2Fpfbid0qBwZRMre8kUotDFmvjksCkNcdMBQC7PGYAAk4ZhbD27BumFFMm2QBKKGni2C352tl&amp;show_text=true&amp;width=500&amp;is_preview=true\" width=\"500\" height=\"848\" frameborder=\"0\" scrolling=\"no\" allowfullscreen=\"allowfullscreen\"><\/iframe><\/p>\n","protected":false},"excerpt":{"rendered":"<p>Yungay, mayo 2024: Programa \u201cQuiero Mi Barrio\u201d realiz\u00f3 una ceremonia de inauguraci\u00f3n el pasado s\u00e1bado 25 de mayo, tras cinco meses de trabajo, la cu\u00e1l cont\u00f3 con la asistencia del alcalde Rafael Cifuentes, el&#46;&#46;&#46;<\/p>\n","protected":false},"author":2,"featured_media":30874,"comment_status":"closed","ping_status":"closed","sticky":false,"template":"","format":"standard","meta":{"footnotes":""},"categories":[1],"tags":[1115,2694,8,6,117],"class_list":["post-30873","post","type-post","status-publish","format-standard","has-post-thumbnail","hentry","category-noticias","tag-noticias","tag-quiero-mi-barrio","tag-yungay","tag-yungayino","tag-yungayinocl"],"_links":{"self":[{"href":"https:\/\/www.yungayino.cl\/noticias\/index.php?rest_route=\/wp\/v2\/posts\/30873","targetHints":{"allow":["GET"]}}],"collection":[{"href":"https:\/\/www.yungayino.cl\/noticias\/index.php?rest_route=\/wp\/v2\/posts"}],"about":[{"href":"https:\/\/www.yungayino.cl\/noticias\/index.php?rest_route=\/wp\/v2\/types\/post"}],"author":[{"embeddable":true,"href":"https:\/\/www.yungayino.cl\/noticias\/index.php?rest_route=\/wp\/v2\/users\/2"}],"replies":[{"embeddable":true,"href":"https:\/\/www.yungayino.cl\/noticias\/index.php?rest_route=%2Fwp%2Fv2%2Fcomments&post=30873"}],"version-history":[{"count":4,"href":"https:\/\/www.yungayino.cl\/noticias\/index.php?rest_route=\/wp\/v2\/posts\/30873\/revisions"}],"predecessor-version":[{"id":30878,"href":"https:\/\/www.yungayino.cl\/noticias\/index.php?rest_route=\/wp\/v2\/posts\/30873\/revisions\/30878"}],"wp:featuredmedia":[{"embeddable":true,"href":"https:\/\/www.yungayino.cl\/noticias\/index.php?rest_route=\/wp\/v2\/media\/30874"}],"wp:attachment":[{"href":"https:\/\/www.yungayino.cl\/noticias\/index.php?rest_route=%2Fwp%2Fv2%2Fmedia&parent=30873"}],"wp:term":[{"taxonomy":"category","embeddable":true,"href":"https:\/\/www.yungayino.cl\/noticias\/index.php?rest_route=%2Fwp%2Fv2%2Fcategories&post=30873"},{"taxonomy":"post_tag","embeddable":true,"href":"https:\/\/www.yungayino.cl\/noticias\/index.php?rest_route=%2Fwp%2Fv2%2Ftags&post=30873"}],"curies":[{"name":"wp","href":"https:\/\/api.w.org\/{rel}","templated":true}]}}