{"id":30892,"date":"2024-06-06T16:00:41","date_gmt":"2024-06-06T19:00:41","guid":{"rendered":"https:\/\/www.yungayino.cl\/noticias\/?p=30892"},"modified":"2024-06-06T16:46:38","modified_gmt":"2024-06-06T19:46:38","slug":"dos-empresas-estan-en-carrera-para-construir-el-instituto-teleton-nuble","status":"publish","type":"post","link":"https:\/\/www.yungayino.cl\/noticias\/?p=30892","title":{"rendered":"Dos Empresas Est\u00e1n En Carrera Para Construir El Instituto Telet\u00f3n \u00d1uble"},"content":{"rendered":"<p><img loading=\"lazy\" decoding=\"async\" class=\"alignnone wp-image-30894 size-full\" src=\"https:\/\/www.yungayino.cl\/noticias\/wp-content\/uploads\/2024\/06\/licitacion-teleton-nuble.jpg\" alt=\"\" width=\"700\" height=\"350\" srcset=\"https:\/\/www.yungayino.cl\/noticias\/wp-content\/uploads\/2024\/06\/licitacion-teleton-nuble.jpg 700w, https:\/\/www.yungayino.cl\/noticias\/wp-content\/uploads\/2024\/06\/licitacion-teleton-nuble-300x150.jpg 300w\" sizes=\"auto, (max-width: 700px) 100vw, 700px\" \/><\/p>\n<p style=\"text-align: justify;\">\u00d1uble, junio 2024: Se recepcionaron las propuestas para realizar esta obra tan esperada para la regi\u00f3n, instancia a la que se presentaron la Constructoras Digua Limitada y De Vicente S.A.. A su vez, en el mismo acto, se llev\u00f3 a cabo la apertura de las ofertas t\u00e9cnicas, cumpliendo ambas con los antecedentes solicitados.<\/p>\n<p style=\"text-align: justify;\">Tal como se indicaba en las bases de licitaci\u00f3n, este mi\u00e9rcoles al mediod\u00eda, se recibieron las propuestas para construir el futuro Instituto Telet\u00f3n \u00d1uble, instancia a la que se presentaron dos empresas: Constructora Digua Limitada y la Constructora De Vicente S.A., hito en el que tambi\u00e9n se procedi\u00f3 a la apertura de las ofertas t\u00e9cnicas, donde ambas entidades cumplieron con los antecedentes solicitados. La oferta econ\u00f3mica se conocer\u00e1 en julio pr\u00f3ximo.<\/p>\n<p style=\"text-align: justify;\">En la recepci\u00f3n y apertura de las propuestas estuvieron presentes el Gobernador \u00d3scar Cris\u00f3stomo, el seremi (s) de Obras P\u00fablicas, Roberto Missene; y los consejeros regionales Patricia Vera e Iter Stuardo.<\/p>\n<p style=\"text-align: justify;\">Sobre este nuevo avance en el proceso, el Gobernador Cris\u00f3stomo destac\u00f3 que \u201chemos cumplido una de las etapas que estaba prevista en el cronograma para la ejecuci\u00f3n del Instituto Telet\u00f3n. Se ha constituido la comisi\u00f3n, donde han abierto las ofertas t\u00e9cnicas para la primera fase, y ya podemos decir que existen dos empresas que se han presentado con toda su documentaci\u00f3n, por lo tanto, estamos contentos, porque hemos seguido avanzando seg\u00fan el plazo que nos autoimpusimos para que en el menor tiempo posible las familias de nuestra regi\u00f3n, que son cerca de 800, puedan recibir atenci\u00f3n en \u00d1uble\u201d.<\/p>\n<p style=\"text-align: justify;\">Asimismo, la m\u00e1xima autoridad regional valor\u00f3 el trabajo mancomunado entre diferentes entidades para concretar este anhelo: \u201cAgradecerles a todas las instituciones que han sido parte en este proceso, al Ministerio de Obras P\u00fablicas, a la Fundaci\u00f3n Telet\u00f3n, al municipio, y, principalmente a nuestro Gobierno Regional que destina el 100% de los recursos para la ejecuci\u00f3n de esta linda y gran obra\u201d.<\/p>\n<p style=\"text-align: justify;\">En tanto, respecto a las etapas del proceso, el seremi (s) de Obras P\u00fablicas detall\u00f3 que \u201chemos concluido con la convocatoria a las empresas a participar en el proyecto de la Telet\u00f3n, y han llegado dos, que son la Constructora Digua y la Constructora De Vicente que, revisado los antecedentes, sin duda, estar\u00edan cumpliendo y, por lo tanto, estamos contentos con esta apertura para revisar despu\u00e9s las propuestas t\u00e9cnicas. Esperamos que se vaya cumpliendo la calendarizaci\u00f3n que tenemos estimada para poder antes de fin de a\u00f1o ojal\u00e1 estar ya colocando la primera piedra y adjudicando este proyecto\u201d.<\/p>\n<p style=\"text-align: justify;\">El Instituto Telet\u00f3n \u00d1uble contempla una infraestructura de 3.685 m2 aproximados, en dos niveles, un subterr\u00e1neo para servicios y estacionamiento, adem\u00e1s de \u00e1reas m\u00e9dico terap\u00e9uticas. El proyecto es financiado en su totalidad por el Gobierno Regional con una inversi\u00f3n que supera los $9.000 millones; mientras que la Unidad T\u00e9cnica ser\u00e1 la Direcci\u00f3n de Arquitectura del Ministerio de Obras P\u00fablicas. Estar\u00e1 emplazado en el terreno del ex Grupo Escolar de Chill\u00e1n, espacio que fue cedido por la Municipalidad de Chill\u00e1n.<\/p>\n","protected":false},"excerpt":{"rendered":"<p>\u00d1uble, junio 2024: Se recepcionaron las propuestas para realizar esta obra tan esperada para la regi\u00f3n, instancia a la que se presentaron la Constructoras Digua Limitada y De Vicente S.A.. A su vez, en&#46;&#46;&#46;<\/p>\n","protected":false},"author":2,"featured_media":30894,"comment_status":"closed","ping_status":"closed","sticky":false,"template":"","format":"standard","meta":{"footnotes":""},"categories":[1,1675,1676,32,2567],"tags":[1115,1678,289,8,6,117],"class_list":["post-30892","post","type-post","status-publish","format-standard","has-post-thumbnail","hentry","category-noticias","category-saludc","category-salud","category-servicios","category-social","tag-noticias","tag-nuble","tag-teleton","tag-yungay","tag-yungayino","tag-yungayinocl"],"_links":{"self":[{"href":"https:\/\/www.yungayino.cl\/noticias\/index.php?rest_route=\/wp\/v2\/posts\/30892","targetHints":{"allow":["GET"]}}],"collection":[{"href":"https:\/\/www.yungayino.cl\/noticias\/index.php?rest_route=\/wp\/v2\/posts"}],"about":[{"href":"https:\/\/www.yungayino.cl\/noticias\/index.php?rest_route=\/wp\/v2\/types\/post"}],"author":[{"embeddable":true,"href":"https:\/\/www.yungayino.cl\/noticias\/index.php?rest_route=\/wp\/v2\/users\/2"}],"replies":[{"embeddable":true,"href":"https:\/\/www.yungayino.cl\/noticias\/index.php?rest_route=%2Fwp%2Fv2%2Fcomments&post=30892"}],"version-history":[{"count":2,"href":"https:\/\/www.yungayino.cl\/noticias\/index.php?rest_route=\/wp\/v2\/posts\/30892\/revisions"}],"predecessor-version":[{"id":30896,"href":"https:\/\/www.yungayino.cl\/noticias\/index.php?rest_route=\/wp\/v2\/posts\/30892\/revisions\/30896"}],"wp:featuredmedia":[{"embeddable":true,"href":"https:\/\/www.yungayino.cl\/noticias\/index.php?rest_route=\/wp\/v2\/media\/30894"}],"wp:attachment":[{"href":"https:\/\/www.yungayino.cl\/noticias\/index.php?rest_route=%2Fwp%2Fv2%2Fmedia&parent=30892"}],"wp:term":[{"taxonomy":"category","embeddable":true,"href":"https:\/\/www.yungayino.cl\/noticias\/index.php?rest_route=%2Fwp%2Fv2%2Fcategories&post=30892"},{"taxonomy":"post_tag","embeddable":true,"href":"https:\/\/www.yungayino.cl\/noticias\/index.php?rest_route=%2Fwp%2Fv2%2Ftags&post=30892"}],"curies":[{"name":"wp","href":"https:\/\/api.w.org\/{rel}","templated":true}]}}