{"id":30897,"date":"2024-06-10T07:00:59","date_gmt":"2024-06-10T10:00:59","guid":{"rendered":"https:\/\/www.yungayino.cl\/noticias\/?p=30897"},"modified":"2024-06-06T16:51:34","modified_gmt":"2024-06-06T19:51:34","slug":"delegada-presidencial-s-junto-a-seremi-de-deportes-recibieron-a-deportistas-de-nuble-que-triunfaron-en-argentina","status":"publish","type":"post","link":"https:\/\/www.yungayino.cl\/noticias\/?p=30897","title":{"rendered":"Delegada Presidencial (S) Junto A Seremi De Deportes Recibieron A Deportistas De \u00d1uble Que Triunfaron En Argentina"},"content":{"rendered":"<p><img loading=\"lazy\" decoding=\"async\" class=\"alignnone wp-image-30893 size-full\" src=\"https:\/\/www.yungayino.cl\/noticias\/wp-content\/uploads\/2024\/06\/deportivas-nuble.jpg\" alt=\"\" width=\"700\" height=\"350\" srcset=\"https:\/\/www.yungayino.cl\/noticias\/wp-content\/uploads\/2024\/06\/deportivas-nuble.jpg 700w, https:\/\/www.yungayino.cl\/noticias\/wp-content\/uploads\/2024\/06\/deportivas-nuble-300x150.jpg 300w\" sizes=\"auto, (max-width: 700px) 100vw, 700px\" \/><\/p>\n<p style=\"text-align: justify;\">\u00d1uble, junio 2024: Trece j\u00f3venes de para-atletismo y para-nataci\u00f3n que compitieron en los Juegos Paraol\u00edmpicos desarrollados en Argentina, se reunieron con la Delegada Presidencial Regional (s) Valentina Pradenas y el Seremi de Deportes de la regi\u00f3n, Julio Jorquera.<\/p>\n<p style=\"text-align: justify;\">Tras obtener un gran rendimiento en los juegos Para Ol\u00edmpicos realizados en ciudad Santa Rosa, Argentina, 13 \u00f1ublensinas y \u00f1ublensinos fueron recibidos por la Delegada Presidencial (S), Valentina Pradenas, y el Seremi de Deporte, Julio Jorquera, con el prop\u00f3sito de compartir y felicitarlos por su presentaci\u00f3n en el pa\u00eds vecino, destacando el apoyo del Mindep para que pudieran viajar.<\/p>\n<p style=\"text-align: justify;\">Las disciplinas en las que compitieron los deportistas fueron para-nataci\u00f3n, lanzamiento de jabalina, lanzamiento de bala y lanzamiento de disco. La participaci\u00f3n signific\u00f3 para el Mindep y el IND \u00d1uble una inversi\u00f3n de $22 millones, financiando transporte, seguro m\u00e9dico, alimentaci\u00f3n, vestuario, equipo multidisciplinario, entre otros insumos, con el objetivo de que los competidores tuvieran la mejor preparaci\u00f3n y cuidado.<\/p>\n<p style=\"text-align: justify;\">Valentina Pradenas, asegur\u00f3 que \u201cestamos muy contentos por habernos reunido y poder compartir con ellas y ellos de forma m\u00e1s cercana para que nos cuenten sus experiencias y desaf\u00edos, ya que detr\u00e1s de cada deportista existe una historia de esfuerzo, no solo de ellos, sino que tambi\u00e9n de sus familias y equipo. Como Gobierno estamos comprometidos con el deporte y queremos seguir apoyando a nuestros deportistas en la mayor cantidad de instancias posibles\u201d.<\/p>\n<p style=\"text-align: justify;\">Por su parte, el seremi de Deportes, Julio Jorquera valor\u00f3 el rendimiento e historias detr\u00e1s de cada deportista. \u201cFue una instancia muy emotiva con nuestros deportistas paral\u00edmpicos que representaron a la regi\u00f3n en los Juegos Para-Araucan\u00eda. Pudimos conocer sus historias de vida y lo importante que fue el deporte para ellos como herramienta de superaci\u00f3n e integraci\u00f3n. El compromiso es seguir entreg\u00e1ndoles todo el apoyo como Mindep-IND a trav\u00e9s de nuestro programa Promesas Chile\u201d.<\/p>\n<p style=\"text-align: justify;\">El evento deportivo que se realiza desde el a\u00f1o 2019 cont\u00f3 con la participaci\u00f3n de alrededor de 400 deportistas paraol\u00edmpicos que proced\u00edan de siete regiones del sur de Chile y seis provincias patag\u00f3nicas del sur de Argentina.<\/p>\n","protected":false},"excerpt":{"rendered":"<p>\u00d1uble, junio 2024: Trece j\u00f3venes de para-atletismo y para-nataci\u00f3n que compitieron en los Juegos Paraol\u00edmpicos desarrollados en Argentina, se reunieron con la Delegada Presidencial Regional (s) Valentina Pradenas y el Seremi de Deportes de&#46;&#46;&#46;<\/p>\n","protected":false},"author":2,"featured_media":30893,"comment_status":"closed","ping_status":"closed","sticky":false,"template":"","format":"standard","meta":{"footnotes":""},"categories":[17,1],"tags":[1120,1115,1678,8,6,117],"class_list":["post-30897","post","type-post","status-publish","format-standard","has-post-thumbnail","hentry","category-deporte","category-noticias","tag-deporte","tag-noticias","tag-nuble","tag-yungay","tag-yungayino","tag-yungayinocl"],"_links":{"self":[{"href":"https:\/\/www.yungayino.cl\/noticias\/index.php?rest_route=\/wp\/v2\/posts\/30897","targetHints":{"allow":["GET"]}}],"collection":[{"href":"https:\/\/www.yungayino.cl\/noticias\/index.php?rest_route=\/wp\/v2\/posts"}],"about":[{"href":"https:\/\/www.yungayino.cl\/noticias\/index.php?rest_route=\/wp\/v2\/types\/post"}],"author":[{"embeddable":true,"href":"https:\/\/www.yungayino.cl\/noticias\/index.php?rest_route=\/wp\/v2\/users\/2"}],"replies":[{"embeddable":true,"href":"https:\/\/www.yungayino.cl\/noticias\/index.php?rest_route=%2Fwp%2Fv2%2Fcomments&post=30897"}],"version-history":[{"count":1,"href":"https:\/\/www.yungayino.cl\/noticias\/index.php?rest_route=\/wp\/v2\/posts\/30897\/revisions"}],"predecessor-version":[{"id":30898,"href":"https:\/\/www.yungayino.cl\/noticias\/index.php?rest_route=\/wp\/v2\/posts\/30897\/revisions\/30898"}],"wp:featuredmedia":[{"embeddable":true,"href":"https:\/\/www.yungayino.cl\/noticias\/index.php?rest_route=\/wp\/v2\/media\/30893"}],"wp:attachment":[{"href":"https:\/\/www.yungayino.cl\/noticias\/index.php?rest_route=%2Fwp%2Fv2%2Fmedia&parent=30897"}],"wp:term":[{"taxonomy":"category","embeddable":true,"href":"https:\/\/www.yungayino.cl\/noticias\/index.php?rest_route=%2Fwp%2Fv2%2Fcategories&post=30897"},{"taxonomy":"post_tag","embeddable":true,"href":"https:\/\/www.yungayino.cl\/noticias\/index.php?rest_route=%2Fwp%2Fv2%2Ftags&post=30897"}],"curies":[{"name":"wp","href":"https:\/\/api.w.org\/{rel}","templated":true}]}}