{"id":30905,"date":"2024-06-07T07:00:44","date_gmt":"2024-06-07T10:00:44","guid":{"rendered":"https:\/\/www.yungayino.cl\/noticias\/?p=30905"},"modified":"2024-06-06T17:10:15","modified_gmt":"2024-06-06T20:10:15","slug":"comision-de-salud-y-medio-ambiente-de-nuble-aprobo-proyecto-mejoramiento-de-la-planta-de-tratamiento-de-aguas-servidas-de-campanario","status":"publish","type":"post","link":"https:\/\/www.yungayino.cl\/noticias\/?p=30905","title":{"rendered":"Comisi\u00f3n De Salud Y Medio Ambiente De \u00d1uble Aprob\u00f3 Proyecto \u201cMejoramiento De La Planta De Tratamiento De Aguas Servidas De Campanario\u201d"},"content":{"rendered":"<p><img loading=\"lazy\" decoding=\"async\" class=\"alignnone wp-image-30907 size-full\" src=\"https:\/\/www.yungayino.cl\/noticias\/wp-content\/uploads\/2024\/06\/mejora-campanario-2.jpg\" alt=\"\" width=\"700\" height=\"350\" srcset=\"https:\/\/www.yungayino.cl\/noticias\/wp-content\/uploads\/2024\/06\/mejora-campanario-2.jpg 700w, https:\/\/www.yungayino.cl\/noticias\/wp-content\/uploads\/2024\/06\/mejora-campanario-2-300x150.jpg 300w\" sizes=\"auto, (max-width: 700px) 100vw, 700px\" \/><\/p>\n<p style=\"text-align: justify;\">Junio, 2024: Hasta Chill\u00e1n asistieron el alcalde Rafael Cifuentes Rodr\u00edguez y el director de Secplan para presentar ante la Comisi\u00f3n de Salud y Medio Ambiente del Consejo Regional de \u00d1uble el proyecto de \u201cMejoramiento de la Planta de Tratamiento de Aguas Servidas de Campanario\u201d.<\/p>\n<p style=\"text-align: justify;\">La iniciativa se gestion\u00f3 desde el 2019 ante el incremento activo de los habitantes del sector, frente a esta situaci\u00f3n surgi\u00f3 la necesidad de ampliar la planta, que, a lo largo de su vida \u00fatil, hab\u00eda sido intervenida m\u00faltiples veces.<\/p>\n<p style=\"text-align: justify;\">En vista de la necesidad latente de la comunidad y la condici\u00f3n de la planta que hoy sobrepasa su capacidad, el proyecto que beneficiar\u00e1 a los vecinos y vecinas de Campanario fue aprobado de forma un\u00e1nime por la Comisi\u00f3n de Salud y Medio Ambiente del Gobierno Regional de \u00d1uble.<\/p>\n<p style=\"text-align: justify;\">Al ser aprobado por la Comisi\u00f3n, el proyecto de $2.194.405.000 pesos, pasar\u00e1 a votaci\u00f3n del Consejo Regional de \u00d1uble para su total despacho. Con este financiamiento se construir\u00e1 la obra que mejorar\u00e1 considerablemente la calidad de vida de los habitantes de Campanario.<\/p>\n","protected":false},"excerpt":{"rendered":"<p>Junio, 2024: Hasta Chill\u00e1n asistieron el alcalde Rafael Cifuentes Rodr\u00edguez y el director de Secplan para presentar ante la Comisi\u00f3n de Salud y Medio Ambiente del Consejo Regional de \u00d1uble el proyecto de \u201cMejoramiento&#46;&#46;&#46;<\/p>\n","protected":false},"author":2,"featured_media":30907,"comment_status":"closed","ping_status":"closed","sticky":false,"template":"","format":"standard","meta":{"footnotes":""},"categories":[1],"tags":[31,1115,8,6,117],"class_list":["post-30905","post","type-post","status-publish","format-standard","has-post-thumbnail","hentry","category-noticias","tag-campanario","tag-noticias","tag-yungay","tag-yungayino","tag-yungayinocl"],"_links":{"self":[{"href":"https:\/\/www.yungayino.cl\/noticias\/index.php?rest_route=\/wp\/v2\/posts\/30905","targetHints":{"allow":["GET"]}}],"collection":[{"href":"https:\/\/www.yungayino.cl\/noticias\/index.php?rest_route=\/wp\/v2\/posts"}],"about":[{"href":"https:\/\/www.yungayino.cl\/noticias\/index.php?rest_route=\/wp\/v2\/types\/post"}],"author":[{"embeddable":true,"href":"https:\/\/www.yungayino.cl\/noticias\/index.php?rest_route=\/wp\/v2\/users\/2"}],"replies":[{"embeddable":true,"href":"https:\/\/www.yungayino.cl\/noticias\/index.php?rest_route=%2Fwp%2Fv2%2Fcomments&post=30905"}],"version-history":[{"count":1,"href":"https:\/\/www.yungayino.cl\/noticias\/index.php?rest_route=\/wp\/v2\/posts\/30905\/revisions"}],"predecessor-version":[{"id":30908,"href":"https:\/\/www.yungayino.cl\/noticias\/index.php?rest_route=\/wp\/v2\/posts\/30905\/revisions\/30908"}],"wp:featuredmedia":[{"embeddable":true,"href":"https:\/\/www.yungayino.cl\/noticias\/index.php?rest_route=\/wp\/v2\/media\/30907"}],"wp:attachment":[{"href":"https:\/\/www.yungayino.cl\/noticias\/index.php?rest_route=%2Fwp%2Fv2%2Fmedia&parent=30905"}],"wp:term":[{"taxonomy":"category","embeddable":true,"href":"https:\/\/www.yungayino.cl\/noticias\/index.php?rest_route=%2Fwp%2Fv2%2Fcategories&post=30905"},{"taxonomy":"post_tag","embeddable":true,"href":"https:\/\/www.yungayino.cl\/noticias\/index.php?rest_route=%2Fwp%2Fv2%2Ftags&post=30905"}],"curies":[{"name":"wp","href":"https:\/\/api.w.org\/{rel}","templated":true}]}}