{"id":30919,"date":"2024-06-07T18:00:06","date_gmt":"2024-06-07T21:00:06","guid":{"rendered":"https:\/\/www.yungayino.cl\/noticias\/?p=30919"},"modified":"2024-06-07T19:40:35","modified_gmt":"2024-06-07T22:40:35","slug":"autoridades-y-comunidad-escolar-del-liceo-de-yungay-acuerdan-medidas-para-enfrentar-situacion-del-establecimiento","status":"publish","type":"post","link":"https:\/\/www.yungayino.cl\/noticias\/?p=30919","title":{"rendered":"Autoridades Y Comunidad Escolar Del Liceo De Yungay Acuerdan Medidas Para Enfrentar Situaci\u00f3n Del Establecimiento"},"content":{"rendered":"<p><img loading=\"lazy\" decoding=\"async\" class=\"alignnone wp-image-30920 size-full\" src=\"https:\/\/www.yungayino.cl\/noticias\/wp-content\/uploads\/2024\/06\/portada.jpg\" alt=\"\" width=\"700\" height=\"350\" srcset=\"https:\/\/www.yungayino.cl\/noticias\/wp-content\/uploads\/2024\/06\/portada.jpg 700w, https:\/\/www.yungayino.cl\/noticias\/wp-content\/uploads\/2024\/06\/portada-300x150.jpg 300w\" sizes=\"auto, (max-width: 700px) 100vw, 700px\" \/><\/p>\n<p style=\"text-align: justify;\">Yungay, junio 2024: Este viernes 7 de junio, el SEREMI de Educaci\u00f3n, C\u00e9sar Riquelme, el alcalde de Yungay, Rafael Cifuentes Rodr\u00edguez, la Jefa del Departamento de Administraci\u00f3n de Educaci\u00f3n Municipal (DAEM), M\u00f3nica Cancino, y la Directora (s) del Liceo de Yungay se reunieron para abordar la sensible situaci\u00f3n del establecimiento y sus problemas de infraestructura.<\/p>\n<p style=\"text-align: justify;\">Durante la reuni\u00f3n, se reafirm\u00f3 que la reposici\u00f3n del Liceo de Yungay es segura. Las autoridades destacaron que tanto el financiamiento como los proyectos necesarios est\u00e1n aprobados. Lo que significa que la construcci\u00f3n del nuevo establecimiento se llevar\u00e1 a cabo una vez que se superen los procesos correspondientes en los organismos estatales, lo cual permitir\u00e1 volver a licitar las obras.<\/p>\n<p style=\"text-align: justify;\">El SEREMI de Educaci\u00f3n, C\u00e9sar Riquelme Alarc\u00f3n, expres\u00f3 su apoyo al municipio y a su iniciativa de suspender las clases por emergencia. Esta medida permitir\u00e1 realizar los arreglos necesarios para que los estudiantes y la comunidad educativa puedan regresar al establecimiento en condiciones adecuadas.<\/p>\n<p style=\"text-align: justify;\">La reuni\u00f3n tambi\u00e9n brind\u00f3 un espacio para que profesores, apoderados, estudiantes y asistentes de la educaci\u00f3n expusieran sus inquietudes y propuestas ante los problemas estructurales del actual establecimiento modular. Las autoridades escucharon atentamente las preocupaciones y se comprometieron a trabajar en conjunto para solucionar los problemas lo m\u00e1s pronto posible.<\/p>\n<p style=\"text-align: justify;\">\u201cAgradezco el apoyo del SEREMI de Educaci\u00f3n y el compromiso de todas las partes involucradas. Entiendo la preocupaci\u00f3n de los apoderados, profesores y estudiantes por la situaci\u00f3n del establecimiento modular y hemos estado trabajando para que la reconstrucci\u00f3n de nuestro Liceo de Yungay sea pronto. Ahora, aprovecharemos este tiempo de suspensi\u00f3n de clases para asegurar que nuestros estudiantes vuelvan y puedan recibir la educaci\u00f3n de calidad que merecen en un entorno seguro y propicio para el aprendizaje\u201d se\u00f1al\u00f3 el alcalde, Rafael Cifuentes Rodr\u00edguez.<\/p>\n<p style=\"text-align: justify;\">La comunidad educativa de Yungay puede estar segura de que se est\u00e1n tomando todas las medidas necesarias para garantizar un entorno seguro y adecuado para volver a clases.<\/p>\n<p>&nbsp;<\/p>\n<p style=\"text-align: center;\"><strong>FOTOGRAF\u00cdAS:<\/strong><\/p>\n<p style=\"text-align: center;\"><iframe loading=\"lazy\" style=\"border: none; overflow: hidden;\" src=\"https:\/\/www.facebook.com\/plugins\/post.php?href=https%3A%2F%2Fwww.facebook.com%2Fyungayino.cl%2Fposts%2Fpfbid02hZeSZ6WrEjSLAJPCdU1nDhmYPuEXcwMwsHSjhHewrjqhXokgCwSpzaR6xQVFSDYal&amp;show_text=true&amp;width=500&amp;preview=comet_preview\" width=\"500\" height=\"848\" frameborder=\"0\" scrolling=\"no\" allowfullscreen=\"allowfullscreen\"><\/iframe><\/p>\n<p>&nbsp;<\/p>\n<p>&nbsp;<\/p>\n<p style=\"text-align: center;\"><strong><iframe loading=\"lazy\" style=\"border: none; overflow: hidden;\" src=\"https:\/\/www.facebook.com\/plugins\/video.php?height=314&amp;href=https%3A%2F%2Fwww.facebook.com%2Fyungayino.cl%2Fvideos%2F981471163669645%2F&amp;show_text=false&amp;width=560&amp;t=0\" width=\"560\" height=\"314\" frameborder=\"0\" scrolling=\"no\" allowfullscreen=\"allowfullscreen\"><\/iframe><\/strong><\/p>\n","protected":false},"excerpt":{"rendered":"<p>Yungay, junio 2024: Este viernes 7 de junio, el SEREMI de Educaci\u00f3n, C\u00e9sar Riquelme, el alcalde de Yungay, Rafael Cifuentes Rodr\u00edguez, la Jefa del Departamento de Administraci\u00f3n de Educaci\u00f3n Municipal (DAEM), M\u00f3nica Cancino, y&#46;&#46;&#46;<\/p>\n","protected":false},"author":2,"featured_media":30920,"comment_status":"closed","ping_status":"closed","sticky":false,"template":"","format":"standard","meta":{"footnotes":""},"categories":[1493,2571,1],"tags":[366,89,1115,8,6,117],"class_list":["post-30919","post","type-post","status-publish","format-standard","has-post-thumbnail","hentry","category-educacion","category-educacion-2","category-noticias","tag-educacion","tag-liceo-yungay","tag-noticias","tag-yungay","tag-yungayino","tag-yungayinocl"],"_links":{"self":[{"href":"https:\/\/www.yungayino.cl\/noticias\/index.php?rest_route=\/wp\/v2\/posts\/30919","targetHints":{"allow":["GET"]}}],"collection":[{"href":"https:\/\/www.yungayino.cl\/noticias\/index.php?rest_route=\/wp\/v2\/posts"}],"about":[{"href":"https:\/\/www.yungayino.cl\/noticias\/index.php?rest_route=\/wp\/v2\/types\/post"}],"author":[{"embeddable":true,"href":"https:\/\/www.yungayino.cl\/noticias\/index.php?rest_route=\/wp\/v2\/users\/2"}],"replies":[{"embeddable":true,"href":"https:\/\/www.yungayino.cl\/noticias\/index.php?rest_route=%2Fwp%2Fv2%2Fcomments&post=30919"}],"version-history":[{"count":5,"href":"https:\/\/www.yungayino.cl\/noticias\/index.php?rest_route=\/wp\/v2\/posts\/30919\/revisions"}],"predecessor-version":[{"id":30925,"href":"https:\/\/www.yungayino.cl\/noticias\/index.php?rest_route=\/wp\/v2\/posts\/30919\/revisions\/30925"}],"wp:featuredmedia":[{"embeddable":true,"href":"https:\/\/www.yungayino.cl\/noticias\/index.php?rest_route=\/wp\/v2\/media\/30920"}],"wp:attachment":[{"href":"https:\/\/www.yungayino.cl\/noticias\/index.php?rest_route=%2Fwp%2Fv2%2Fmedia&parent=30919"}],"wp:term":[{"taxonomy":"category","embeddable":true,"href":"https:\/\/www.yungayino.cl\/noticias\/index.php?rest_route=%2Fwp%2Fv2%2Fcategories&post=30919"},{"taxonomy":"post_tag","embeddable":true,"href":"https:\/\/www.yungayino.cl\/noticias\/index.php?rest_route=%2Fwp%2Fv2%2Ftags&post=30919"}],"curies":[{"name":"wp","href":"https:\/\/api.w.org\/{rel}","templated":true}]}}