{"id":30982,"date":"2024-06-05T13:00:32","date_gmt":"2024-06-05T16:00:32","guid":{"rendered":"https:\/\/www.yungayino.cl\/noticias\/?p=30982"},"modified":"2024-06-13T20:23:17","modified_gmt":"2024-06-13T23:23:17","slug":"dia-del-medio-ambiente-seremi-mario-rivas-resalta-logros-y-desafios-para-avanzar-a-una-region-mas-sustentable","status":"publish","type":"post","link":"https:\/\/www.yungayino.cl\/noticias\/?p=30982","title":{"rendered":"D\u00eda Del Medio Ambiente: Seremi Mario Rivas Resalta Logros Y Desaf\u00edos Para Avanzar A Una Regi\u00f3n M\u00e1s Sustentable"},"content":{"rendered":"<p><img loading=\"lazy\" decoding=\"async\" class=\"alignnone wp-image-30985 size-full\" src=\"https:\/\/www.yungayino.cl\/noticias\/wp-content\/uploads\/2024\/06\/seremi-medio-ambiente-3.jpg\" alt=\"\" width=\"700\" height=\"350\" srcset=\"https:\/\/www.yungayino.cl\/noticias\/wp-content\/uploads\/2024\/06\/seremi-medio-ambiente-3.jpg 700w, https:\/\/www.yungayino.cl\/noticias\/wp-content\/uploads\/2024\/06\/seremi-medio-ambiente-3-300x150.jpg 300w\" sizes=\"auto, (max-width: 700px) 100vw, 700px\" \/><\/p>\n<p style=\"text-align: justify;\"><span style=\"font-family: arial, helvetica, sans-serif;\">\u00d1uble, junio 2024: El mi\u00e9rcoles 5 de junio se conmemora el D\u00eda Mundial del Medio Ambiente, fecha establecida por la Organizaci\u00f3n de las Naciones Unidas (ONU) en 1977, d\u00eda en el cual se busca sensibilizar a la poblaci\u00f3n en temas ambientales, poniendo foco en los principales desaf\u00edos y generando planes de acci\u00f3n pol\u00edtica para mejorar d\u00eda a d\u00eda el planeta.\u00a0<\/span><\/p>\n<p style=\"text-align: justify;\"><span style=\"font-family: arial, helvetica, sans-serif;\">En este contexto, el seremi del Medio Ambiente de \u00d1uble, Mario Rivas, sostuvo: \u201cEn el d\u00eda Mundial del Medio Ambiente, es importante reflexionar sobre como iniciativas locales son relevantes en el contexto global, y con ello, asumir nuevos desaf\u00edos que contin\u00faen la lucha contra el cambio clim\u00e1tico y la restauraci\u00f3n de los ecosistemas, con pol\u00edticas de Estado que se implementen de la mano con la ciudadan\u00eda, a trav\u00e9s de la ejecuci\u00f3n de iniciativas sustentables, y estrategias de econom\u00eda circular y educaci\u00f3n ambiental con enfoque territorial\u201d.\u00a0<\/span><\/p>\n<p style=\"text-align: justify;\"><span style=\"font-family: arial, helvetica, sans-serif;\">Iniciativas 2024<\/span><\/p>\n<p style=\"text-align: justify;\"><span style=\"font-family: arial, helvetica, sans-serif;\">El cambio clim\u00e1tico plantea un desaf\u00edo relevante para la regi\u00f3n, y por ello, desde la SEREMI del Medio Ambiente se ha avanzado en la elaboraci\u00f3n del \u201cPlan de Acci\u00f3n Regional de Cambio Clim\u00e1tico\u201d (PARCC). Para este plan, se han realizado talleres con la ciudadan\u00eda para abordar las vulnerabilidades locales, adem\u00e1s de discutir propuestas y priorizar medidas de adaptaci\u00f3n y mitigaci\u00f3n, as\u00ed como l\u00edneas de financiamiento para proyectos innovadores. Asimismo, se han fortalecido las acciones en conjunto con el Comit\u00e9 Regional de Cambio Clim\u00e1tico, promoviendo a las empresas de \u00d1uble a avanzar en la cuantificaci\u00f3n, reducci\u00f3n y neutralizaci\u00f3n de sus emisiones de Gases de Efecto Invernadero (GEI).<\/span><\/p>\n<p style=\"text-align: justify;\"><span style=\"font-family: arial, helvetica, sans-serif;\">Por otra parte, a trav\u00e9s del Fondo de Protecci\u00f3n Ambiental (FPA), se ha apoyado a la ciudadan\u00eda en la ejecuci\u00f3n de proyectos orientados a tem\u00e1ticas ambientales, financiando a siete organizaciones sociales regionales de Pinto, San Nicol\u00e1s, Cobquecura, San Carlos, Coihueco y Trehuaco. Para el 2024, tambi\u00e9n se financiar\u00e1n siete iniciativas sustentables con $6 millones cada una.<\/span><\/p>\n<p style=\"text-align: justify;\"><span style=\"font-family: arial, helvetica, sans-serif;\">A trav\u00e9s del Sistema Nacional de Certificaci\u00f3n Ambiental de Establecimientos Educacionales (SNCAE), nuevos establecimientos han obtenido su certificaci\u00f3n y otros su revalidaci\u00f3n gracias a la implementaci\u00f3n exitosa de estrategias integrales sustentables en sus comunidades escolares, logrando un total de 93 establecimientos educacionales con los cuales se trabaja en el fortalecimiento de la educaci\u00f3n ambiental a nivel regional.<\/span><\/p>\n<p style=\"text-align: justify;\"><span style=\"font-family: arial, helvetica, sans-serif;\">Adem\u00e1s, se ha impulsado la Certificaci\u00f3n Ambiental Municipal (SCAM) en 9 comunas, las cuales recibieron distintos niveles de certificaci\u00f3n seg\u00fan la cantidad de a\u00f1os desarrollando iniciativas y estrategias ambientales en sus territorios, as\u00ed como financiamiento para continuar con su gesti\u00f3n sustentable. Un ejemplo de ello es la Municipalidad de Pinto, certificada en el nivel de excelencia sobresaliente, que destaca entre sus iniciativas la elaboraci\u00f3n de una gu\u00eda de campo sobre flora y fauna, la cual cont\u00f3 con financiamiento a trav\u00e9s del SCAM.<\/span><\/p>\n<p style=\"text-align: justify;\"><span style=\"font-family: arial, helvetica, sans-serif;\">En el \u00e1rea de Econom\u00eda Circular, se invertir\u00e1n m\u00e1s de 13 millones en el proyecto Vermiriqueza para Chill\u00e1n Viejo, orientado a promover el manejo de residuos org\u00e1nicos en los barrios de dicha comuna. Esta inversi\u00f3n se realizar\u00e1 gracias al Fondo para el Reciclaje otorgado por el Ministerio del Medio Ambiente. Adem\u00e1s, se espera sumar m\u00e1s puntos a los siete municipios que se han suscrito al reciclaje de aceite con el apoyo de Essbio y la iniciativa \u00abToma la sart\u00e9n por el mango\u00bb.<\/span><\/p>\n<p style=\"text-align: justify;\"><span style=\"font-family: arial, helvetica, sans-serif;\">En el marco del Proyecto \u00d1uble Circular, se han formado 100 l\u00edderes ambientales con los cuales se han ejecutado proyectos pilotos en Cobquecura y San Carlos. Adem\u00e1s, se entregaron composteras a 1.230 familias, logrando una reducci\u00f3n diaria de 2.500 kilos de residuos org\u00e1nicos que ya no van a disposici\u00f3n final. Tambi\u00e9n, se han implementado tres pilotos de compostaje municipal en cada provincia, gestionando m\u00e1s de 180 m\u00b3 de ramas para transformarlas en abono. Con el objetivo de incentivar a la ciudadan\u00eda, se han llevado a cabo ferias de reciclaje regionales y comunales, donde se gestionaron 20 toneladas de residuos seg\u00fan la Ley REP, principalmente aparatos el\u00e9ctricos y electr\u00f3nicos. Desde la SEREMI del Medio Ambiente ya est\u00e1n trabajando en una segunda versi\u00f3n de \u00d1uble Circular, que, junto al Gobierno Regional de \u00d1uble, permitir\u00e1 llevar equipamiento e infraestructura de reciclaje a las 21 comunas.<\/span><\/p>\n<p style=\"text-align: justify;\"><span style=\"font-family: arial, helvetica, sans-serif;\">Finalmente, la SEREMI del Medio Ambiente ha trabajado intensamente en la conservaci\u00f3n de h\u00e1bitats a nivel local. Durante este 2024, se ha avanzado en la declaraci\u00f3n de dos nuevos humedales urbanos en Cobquecura (Colmuyao y Tauc\u00fa). Adem\u00e1s, junto con la FAO, se han impulsado actividades comunitarias de restauraci\u00f3n en el Cerro Cayumanqui y Altos de Ninhue. Tambi\u00e9n se han desarrollado planes de gesti\u00f3n para fortalecer los actuales santuarios de la naturaleza, como la Desembocadura del R\u00edo Itata y el Santuario de la Naturaleza Islote Lober\u00eda e Iglesia de Piedra.<\/span><\/p>\n<p style=\"text-align: justify;\"><img loading=\"lazy\" decoding=\"async\" class=\"alignnone wp-image-30984 size-full\" src=\"https:\/\/www.yungayino.cl\/noticias\/wp-content\/uploads\/2024\/06\/seremi-medio-ambiente-2.jpg\" alt=\"\" width=\"700\" height=\"525\" srcset=\"https:\/\/www.yungayino.cl\/noticias\/wp-content\/uploads\/2024\/06\/seremi-medio-ambiente-2.jpg 700w, https:\/\/www.yungayino.cl\/noticias\/wp-content\/uploads\/2024\/06\/seremi-medio-ambiente-2-300x225.jpg 300w\" sizes=\"auto, (max-width: 700px) 100vw, 700px\" \/><\/p>\n<p><img loading=\"lazy\" decoding=\"async\" class=\"alignnone wp-image-30983 size-full\" src=\"https:\/\/www.yungayino.cl\/noticias\/wp-content\/uploads\/2024\/06\/seremi-medio-ambiente-1.jpg\" alt=\"\" width=\"700\" height=\"525\" srcset=\"https:\/\/www.yungayino.cl\/noticias\/wp-content\/uploads\/2024\/06\/seremi-medio-ambiente-1.jpg 700w, https:\/\/www.yungayino.cl\/noticias\/wp-content\/uploads\/2024\/06\/seremi-medio-ambiente-1-300x225.jpg 300w\" sizes=\"auto, (max-width: 700px) 100vw, 700px\" \/><\/p>\n<p><img loading=\"lazy\" decoding=\"async\" class=\"alignnone wp-image-30986 size-full\" src=\"https:\/\/www.yungayino.cl\/noticias\/wp-content\/uploads\/2024\/06\/seremi-medio-ambiente-4.jpg\" alt=\"\" width=\"700\" height=\"525\" srcset=\"https:\/\/www.yungayino.cl\/noticias\/wp-content\/uploads\/2024\/06\/seremi-medio-ambiente-4.jpg 700w, https:\/\/www.yungayino.cl\/noticias\/wp-content\/uploads\/2024\/06\/seremi-medio-ambiente-4-300x225.jpg 300w\" sizes=\"auto, (max-width: 700px) 100vw, 700px\" \/><\/p>\n","protected":false},"excerpt":{"rendered":"<p>\u00d1uble, junio 2024: El mi\u00e9rcoles 5 de junio se conmemora el D\u00eda Mundial del Medio Ambiente, fecha establecida por la Organizaci\u00f3n de las Naciones Unidas (ONU) en 1977, d\u00eda en el cual se busca&#46;&#46;&#46;<\/p>\n","protected":false},"author":2,"featured_media":30985,"comment_status":"closed","ping_status":"closed","sticky":false,"template":"","format":"standard","meta":{"footnotes":""},"categories":[1],"tags":[904,1115,1528,8,6,117],"class_list":["post-30982","post","type-post","status-publish","format-standard","has-post-thumbnail","hentry","category-noticias","tag-medio-ambiente","tag-noticias","tag-seremi","tag-yungay","tag-yungayino","tag-yungayinocl"],"_links":{"self":[{"href":"https:\/\/www.yungayino.cl\/noticias\/index.php?rest_route=\/wp\/v2\/posts\/30982","targetHints":{"allow":["GET"]}}],"collection":[{"href":"https:\/\/www.yungayino.cl\/noticias\/index.php?rest_route=\/wp\/v2\/posts"}],"about":[{"href":"https:\/\/www.yungayino.cl\/noticias\/index.php?rest_route=\/wp\/v2\/types\/post"}],"author":[{"embeddable":true,"href":"https:\/\/www.yungayino.cl\/noticias\/index.php?rest_route=\/wp\/v2\/users\/2"}],"replies":[{"embeddable":true,"href":"https:\/\/www.yungayino.cl\/noticias\/index.php?rest_route=%2Fwp%2Fv2%2Fcomments&post=30982"}],"version-history":[{"count":3,"href":"https:\/\/www.yungayino.cl\/noticias\/index.php?rest_route=\/wp\/v2\/posts\/30982\/revisions"}],"predecessor-version":[{"id":30989,"href":"https:\/\/www.yungayino.cl\/noticias\/index.php?rest_route=\/wp\/v2\/posts\/30982\/revisions\/30989"}],"wp:featuredmedia":[{"embeddable":true,"href":"https:\/\/www.yungayino.cl\/noticias\/index.php?rest_route=\/wp\/v2\/media\/30985"}],"wp:attachment":[{"href":"https:\/\/www.yungayino.cl\/noticias\/index.php?rest_route=%2Fwp%2Fv2%2Fmedia&parent=30982"}],"wp:term":[{"taxonomy":"category","embeddable":true,"href":"https:\/\/www.yungayino.cl\/noticias\/index.php?rest_route=%2Fwp%2Fv2%2Fcategories&post=30982"},{"taxonomy":"post_tag","embeddable":true,"href":"https:\/\/www.yungayino.cl\/noticias\/index.php?rest_route=%2Fwp%2Fv2%2Ftags&post=30982"}],"curies":[{"name":"wp","href":"https:\/\/api.w.org\/{rel}","templated":true}]}}