{"id":30990,"date":"2024-06-17T07:00:39","date_gmt":"2024-06-17T10:00:39","guid":{"rendered":"https:\/\/www.yungayino.cl\/noticias\/?p=30990"},"modified":"2024-06-13T20:32:40","modified_gmt":"2024-06-13T23:32:40","slug":"con-ciclo-de-seminarios-comunales-sobre-calidad-del-aire-informan-sobre-los-alcances-del-nuevo-plan-de-descontaminacion-atmosferica-pda","status":"publish","type":"post","link":"https:\/\/www.yungayino.cl\/noticias\/?p=30990","title":{"rendered":"Con Ciclo De Seminarios Comunales Sobre Calidad Del Aire Informan Sobre Los Alcances Del Nuevo Plan De Descontaminaci\u00f3n Atmosf\u00e9rica (PDA)"},"content":{"rendered":"<p><img loading=\"lazy\" decoding=\"async\" class=\"alignnone wp-image-30991 size-full\" src=\"https:\/\/www.yungayino.cl\/noticias\/wp-content\/uploads\/2024\/06\/Seminario-Aire-1.jpg\" alt=\"\" width=\"700\" height=\"350\" srcset=\"https:\/\/www.yungayino.cl\/noticias\/wp-content\/uploads\/2024\/06\/Seminario-Aire-1.jpg 700w, https:\/\/www.yungayino.cl\/noticias\/wp-content\/uploads\/2024\/06\/Seminario-Aire-1-300x150.jpg 300w\" sizes=\"auto, (max-width: 700px) 100vw, 700px\" \/><\/p>\n<p style=\"text-align: justify;\">\u00d1uble, junio 2024: En el marco de la declaratoria de zona saturada del Valle Central de \u00d1uble, se ha iniciado el proceso de elaboraci\u00f3n del nuevo Plan de Descontaminaci\u00f3n Atmosf\u00e9rica (PDA) para el Valle Central de \u00d1uble, el cual se fusiona con el proceso de actualizaci\u00f3n del Plan de Prevenci\u00f3n y Descontaminaci\u00f3n Atmosf\u00e9rica (PPDA) vigente.<\/p>\n<p style=\"text-align: justify;\">El nuevo gran PDA incluye a 11 comunas adicionales a las ya declaradas saturadas. Gracias al Decreto Supremo 69\/2022, se ha permitido fusionar el proceso de actualizaci\u00f3n del PPDA vigente con la elaboraci\u00f3n de este nuevo PDA para un territorio ampliado, conformado por las comunas de \u00d1iqu\u00e9n, San Carlos, San Nicol\u00e1s, Coihueco, Pinto, Chill\u00e1n, Chill\u00e1n Viejo, Bulnes, Quill\u00f3n, San Ignacio, El Carmen, Pemuco y <strong>Yungay<\/strong>. Esta nueva herramienta no solo deber\u00e1 ser analizada y discutida por organismos p\u00fablicos con competencias en calidad del aire, sino que tambi\u00e9n incluir\u00e1 instancias de participaci\u00f3n ciudadana.<\/p>\n<p style=\"text-align: justify;\">Por ello, a trav\u00e9s de un ciclo de seminarios y talleres comunales, se ha iniciado un proceso de sensibilizaci\u00f3n dirigido tanto a la comunidad como a los gobiernos locales, con el objetivo de motivar una participaci\u00f3n integral e informada en la elaboraci\u00f3n de normativas ambientales. Este enfoque ha priorizado las comunas fuera de Chill\u00e1n y Chill\u00e1n Viejo, buscando una mirada territorial inclusiva.<\/p>\n<p style=\"text-align: justify;\">Hasta la fecha, el equipo de la Seremi del Medio Ambiente de \u00d1uble, en conjunto con profesionales de Conaf y con el apoyo de los municipios, ha llevado a cabo los primeros ciclos de difusi\u00f3n durante mayo e inicios de junio. Estas actividades se han centrado en temas de calidad del aire, uso de le\u00f1a, cambio clim\u00e1tico y participaci\u00f3n ciudadana, comenzando en las comunas de Chill\u00e1n, Chill\u00e1n Viejo, <strong>Yungay<\/strong> y Pinto. Para el resto del mes, as\u00ed como en julio y agosto, se han programado actividades en las comunas de Quill\u00f3n, Bulnes, San Nicol\u00e1s, San Ignacio, El Carmen, San Carlos, \u00d1iqu\u00e9n y Pemuco.<\/p>\n<p style=\"text-align: justify;\">Bajo este contexto, el Seremi del Medio Ambiente de \u00d1uble, Mario Rivas Pe\u00f1a, se\u00f1al\u00f3: \u201c<strong>Invitamos a la comunidad a participar activamente en estos procesos y est\u00e9 atenta a la informaci\u00f3n que constantemente publicamos para avanzar hacia una mejor calidad de aire en \u00d1uble. De esta forma, construiremos una herramienta que incorpore una visi\u00f3n intersectorial y los aprendizajes obtenidos con la implementaci\u00f3n de medidas, pero adem\u00e1s una perspectiva de las distintas comunas de la regi\u00f3n inmersas en este nuevo PDA, cuyo principal objetivo es cuidar la salud de todas y todos<\/strong>\u201d.<\/p>\n<p style=\"text-align: justify;\">Avances regionales en Calidad del Aire<\/p>\n<p style=\"text-align: justify;\">Desde la creaci\u00f3n de la regi\u00f3n de \u00d1uble en 2018, los habitantes de las comunas de Chill\u00e1n y Chill\u00e1n Viejo han observado mejoras en la calidad del aire gracias a la implementaci\u00f3n de diversas medidas asociadas al Plan de Prevenci\u00f3n y Descontaminaci\u00f3n Atmosf\u00e9rica (PPDA) vigente, el cual se comenz\u00f3 a aplicar en 2016 y que cubre estas dos comunas.<\/p>\n<p style=\"text-align: justify;\">Una de las iniciativas destacadas ha sido la instalaci\u00f3n de un equipo de monitoreo certificado en San Carlos y un equipo exploratorio en la comuna de Bulnes. Esto ha permitido obtener una visi\u00f3n m\u00e1s precisa de la situaci\u00f3n ambiental, realizar comparaciones y modelar estimaciones. As\u00ed, se han identificado \u00e1reas cr\u00edticas y planificado medidas espec\u00edficas, avanzando hacia la definici\u00f3n de un \u00e1rea prioritaria, lo que sirvi\u00f3 de base para la declaraci\u00f3n del Valle Central de \u00d1uble como zona saturada.<\/p>\n<p style=\"text-align: justify;\">Adem\u00e1s, en un esfuerzo por obtener nuevos datos de monitoreo de la calidad del aire, se han implementado proyectos piloto en colaboraci\u00f3n con entidades p\u00fablicas y privadas. Estos proyectos utilizaron sistemas de bajo costo en varias comunas de la regi\u00f3n, proporcionando datos en tiempo real y en nuevos sectores, lo que permiti\u00f3 comparar eventos de episodios cr\u00edticos. Un resultado clave de este ejercicio fue que, cuando se registraba un episodio cr\u00edtico en las estaciones de Chill\u00e1n, tambi\u00e9n se presentaba en las dem\u00e1s comunas, aunque con diferencias en la intensidad seg\u00fan la cantidad de poblaci\u00f3n.<\/p>\n<p style=\"text-align: justify;\">Adicionalmente, se ha apoyado la investigaci\u00f3n en la regi\u00f3n mediante el desarrollo de proyectos piloto para la medici\u00f3n de la calidad del aire utilizando drones e inteligencia artificial, as\u00ed como para la medici\u00f3n de la composici\u00f3n del material particulado. Estos proyectos proporcionar\u00e1n informaci\u00f3n valiosa sobre la regi\u00f3n, la cual se espera implementar en un futuro.<\/p>\n<p style=\"text-align: justify;\">Otro avance clave ha sido la instalaci\u00f3n de una estaci\u00f3n meteorol\u00f3gica en la comuna de Quill\u00f3n, la cual ha aportado datos cruciales sobre condiciones de ventilaci\u00f3n, temperatura y otros par\u00e1metros meteorol\u00f3gicos. Esta informaci\u00f3n ha permitido la toma de decisiones m\u00e1s informadas y la implementaci\u00f3n de medidas futuras, contribuyendo a una mejor gesti\u00f3n de la calidad del aire en la regi\u00f3n.<\/p>\n<p>&nbsp;<\/p>\n<p><img loading=\"lazy\" decoding=\"async\" class=\"alignnone wp-image-30992 size-full\" src=\"https:\/\/www.yungayino.cl\/noticias\/wp-content\/uploads\/2024\/06\/Seminario-Aire-2.jpg\" alt=\"\" width=\"700\" height=\"525\" srcset=\"https:\/\/www.yungayino.cl\/noticias\/wp-content\/uploads\/2024\/06\/Seminario-Aire-2.jpg 700w, https:\/\/www.yungayino.cl\/noticias\/wp-content\/uploads\/2024\/06\/Seminario-Aire-2-300x225.jpg 300w\" sizes=\"auto, (max-width: 700px) 100vw, 700px\" \/><\/p>\n","protected":false},"excerpt":{"rendered":"<p>\u00d1uble, junio 2024: En el marco de la declaratoria de zona saturada del Valle Central de \u00d1uble, se ha iniciado el proceso de elaboraci\u00f3n del nuevo Plan de Descontaminaci\u00f3n Atmosf\u00e9rica (PDA) para el Valle&#46;&#46;&#46;<\/p>\n","protected":false},"author":2,"featured_media":30991,"comment_status":"closed","ping_status":"closed","sticky":false,"template":"","format":"standard","meta":{"footnotes":""},"categories":[1],"tags":[904,1115,1528,8,6,117],"class_list":["post-30990","post","type-post","status-publish","format-standard","has-post-thumbnail","hentry","category-noticias","tag-medio-ambiente","tag-noticias","tag-seremi","tag-yungay","tag-yungayino","tag-yungayinocl"],"_links":{"self":[{"href":"https:\/\/www.yungayino.cl\/noticias\/index.php?rest_route=\/wp\/v2\/posts\/30990","targetHints":{"allow":["GET"]}}],"collection":[{"href":"https:\/\/www.yungayino.cl\/noticias\/index.php?rest_route=\/wp\/v2\/posts"}],"about":[{"href":"https:\/\/www.yungayino.cl\/noticias\/index.php?rest_route=\/wp\/v2\/types\/post"}],"author":[{"embeddable":true,"href":"https:\/\/www.yungayino.cl\/noticias\/index.php?rest_route=\/wp\/v2\/users\/2"}],"replies":[{"embeddable":true,"href":"https:\/\/www.yungayino.cl\/noticias\/index.php?rest_route=%2Fwp%2Fv2%2Fcomments&post=30990"}],"version-history":[{"count":2,"href":"https:\/\/www.yungayino.cl\/noticias\/index.php?rest_route=\/wp\/v2\/posts\/30990\/revisions"}],"predecessor-version":[{"id":30994,"href":"https:\/\/www.yungayino.cl\/noticias\/index.php?rest_route=\/wp\/v2\/posts\/30990\/revisions\/30994"}],"wp:featuredmedia":[{"embeddable":true,"href":"https:\/\/www.yungayino.cl\/noticias\/index.php?rest_route=\/wp\/v2\/media\/30991"}],"wp:attachment":[{"href":"https:\/\/www.yungayino.cl\/noticias\/index.php?rest_route=%2Fwp%2Fv2%2Fmedia&parent=30990"}],"wp:term":[{"taxonomy":"category","embeddable":true,"href":"https:\/\/www.yungayino.cl\/noticias\/index.php?rest_route=%2Fwp%2Fv2%2Fcategories&post=30990"},{"taxonomy":"post_tag","embeddable":true,"href":"https:\/\/www.yungayino.cl\/noticias\/index.php?rest_route=%2Fwp%2Fv2%2Ftags&post=30990"}],"curies":[{"name":"wp","href":"https:\/\/api.w.org\/{rel}","templated":true}]}}