{"id":31016,"date":"2024-06-14T17:00:24","date_gmt":"2024-06-14T20:00:24","guid":{"rendered":"https:\/\/www.yungayino.cl\/noticias\/?p=31016"},"modified":"2024-06-14T17:29:58","modified_gmt":"2024-06-14T20:29:58","slug":"inscripciones-abiertas-para-las-escuelas-de-invierno-2024","status":"publish","type":"post","link":"https:\/\/www.yungayino.cl\/noticias\/?p=31016","title":{"rendered":"Inscripciones Abiertas Para Las Escuelas De Invierno 2024"},"content":{"rendered":"<p><img loading=\"lazy\" decoding=\"async\" class=\"alignnone wp-image-31018 size-full\" src=\"https:\/\/www.yungayino.cl\/noticias\/wp-content\/uploads\/2024\/06\/vacaciones-invierno.jpg\" alt=\"\" width=\"700\" height=\"875\" srcset=\"https:\/\/www.yungayino.cl\/noticias\/wp-content\/uploads\/2024\/06\/vacaciones-invierno.jpg 700w, https:\/\/www.yungayino.cl\/noticias\/wp-content\/uploads\/2024\/06\/vacaciones-invierno-240x300.jpg 240w\" sizes=\"auto, (max-width: 700px) 100vw, 700px\" \/><\/p>\n<p style=\"text-align: justify;\">Yungay, junio 2024: Se invita a todos los ni\u00f1os y ni\u00f1as de Yungay a participar en las Escuelas de Invierno 2024.<\/p>\n<p style=\"text-align: justify;\">El viernes 21 de junio se dar\u00e1 inicio en la Escuela Fernando Baquedano, se podr\u00e1 termino a las actividades el jueves 4 de julio de 2024. El horario ser\u00e1 de lunes a viernes, desde las 09:00 hasta las 16:00 horas.<\/p>\n<p style=\"text-align: justify;\"><strong>Requisitos de Inscripci\u00f3n:<\/strong><\/p>\n<p style=\"text-align: justify;\">&#8211; Ni\u00f1os y Ni\u00f1as desde 5 hasta 14 a\u00f1os<\/p>\n<p style=\"text-align: justify;\">&#8211; Contar con Registro Social de Hogares en la comuna<\/p>\n<p style=\"text-align: justify;\">&#8211; Estar en tramos de vulnerabilidad social<\/p>\n<p style=\"text-align: justify;\">Se dispondr\u00e1 de transporte diario para traslado desde el sector de Campanario a Yungay.<\/p>\n<p style=\"text-align: justify;\">Las actividades que se desarrollar\u00e1n ser\u00e1n: Recreativas, Educativas y la atenci\u00f3n ser\u00e1 por un equipo multidisciplinario para el cuidado de los ni\u00f1os y ni\u00f1as.<\/p>\n<p style=\"text-align: justify;\">No pierda la oportunidad de brindarles a sus hijos unas vacaciones inolvidables llenas de aprendizaje y diversi\u00f3n.<\/p>\n<p style=\"text-align: justify;\"><strong>Para m\u00e1s informaci\u00f3n e inscripciones, comun\u00edquese al 42 2 255625 o en la oficina de DIDECO.<\/strong><\/p>\n","protected":false},"excerpt":{"rendered":"<p>Yungay, junio 2024: Se invita a todos los ni\u00f1os y ni\u00f1as de Yungay a participar en las Escuelas de Invierno 2024. El viernes 21 de junio se dar\u00e1 inicio en la Escuela Fernando Baquedano,&#46;&#46;&#46;<\/p>\n","protected":false},"author":2,"featured_media":31017,"comment_status":"closed","ping_status":"closed","sticky":false,"template":"","format":"standard","meta":{"footnotes":""},"categories":[1],"tags":[334,638,1115,1098,8,6,117],"class_list":["post-31016","post","type-post","status-publish","format-standard","has-post-thumbnail","hentry","category-noticias","tag-dideco","tag-escuela-de-verano","tag-noticias","tag-vacaciones-de-invierno","tag-yungay","tag-yungayino","tag-yungayinocl"],"_links":{"self":[{"href":"https:\/\/www.yungayino.cl\/noticias\/index.php?rest_route=\/wp\/v2\/posts\/31016","targetHints":{"allow":["GET"]}}],"collection":[{"href":"https:\/\/www.yungayino.cl\/noticias\/index.php?rest_route=\/wp\/v2\/posts"}],"about":[{"href":"https:\/\/www.yungayino.cl\/noticias\/index.php?rest_route=\/wp\/v2\/types\/post"}],"author":[{"embeddable":true,"href":"https:\/\/www.yungayino.cl\/noticias\/index.php?rest_route=\/wp\/v2\/users\/2"}],"replies":[{"embeddable":true,"href":"https:\/\/www.yungayino.cl\/noticias\/index.php?rest_route=%2Fwp%2Fv2%2Fcomments&post=31016"}],"version-history":[{"count":3,"href":"https:\/\/www.yungayino.cl\/noticias\/index.php?rest_route=\/wp\/v2\/posts\/31016\/revisions"}],"predecessor-version":[{"id":31021,"href":"https:\/\/www.yungayino.cl\/noticias\/index.php?rest_route=\/wp\/v2\/posts\/31016\/revisions\/31021"}],"wp:featuredmedia":[{"embeddable":true,"href":"https:\/\/www.yungayino.cl\/noticias\/index.php?rest_route=\/wp\/v2\/media\/31017"}],"wp:attachment":[{"href":"https:\/\/www.yungayino.cl\/noticias\/index.php?rest_route=%2Fwp%2Fv2%2Fmedia&parent=31016"}],"wp:term":[{"taxonomy":"category","embeddable":true,"href":"https:\/\/www.yungayino.cl\/noticias\/index.php?rest_route=%2Fwp%2Fv2%2Fcategories&post=31016"},{"taxonomy":"post_tag","embeddable":true,"href":"https:\/\/www.yungayino.cl\/noticias\/index.php?rest_route=%2Fwp%2Fv2%2Ftags&post=31016"}],"curies":[{"name":"wp","href":"https:\/\/api.w.org\/{rel}","templated":true}]}}