{"id":31031,"date":"2024-06-15T15:00:08","date_gmt":"2024-06-15T18:00:08","guid":{"rendered":"https:\/\/www.yungayino.cl\/noticias\/?p=31031"},"modified":"2024-06-15T19:08:42","modified_gmt":"2024-06-15T22:08:42","slug":"taller-las-ovejitas","status":"publish","type":"post","link":"https:\/\/www.yungayino.cl\/noticias\/?p=31031","title":{"rendered":"Taller Las Ovejitas"},"content":{"rendered":"<p><img loading=\"lazy\" decoding=\"async\" class=\"alignnone wp-image-31032 size-full\" src=\"https:\/\/www.yungayino.cl\/noticias\/wp-content\/uploads\/2024\/06\/portada-12.jpg\" alt=\"\" width=\"700\" height=\"350\" srcset=\"https:\/\/www.yungayino.cl\/noticias\/wp-content\/uploads\/2024\/06\/portada-12.jpg 700w, https:\/\/www.yungayino.cl\/noticias\/wp-content\/uploads\/2024\/06\/portada-12-300x150.jpg 300w\" sizes=\"auto, (max-width: 700px) 100vw, 700px\" \/><\/p>\n<p style=\"text-align: justify;\">Yungay, junio 2024: Hasta la Sede de Barrio alto lleg\u00f3 el alcalde Rafael Cifuentes Rodr\u00edguez y el equipo del Programa Autonom\u00eda Econ\u00f3mica de la Mujer para visitar el taller <strong>\u201cLas Ovejitas\u201d<\/strong> y conocer sus maravillosas creaciones.<\/p>\n<p style=\"text-align: justify;\">Las profesionales tambi\u00e9n entregaron materiales a las vecinas que les permitir\u00e1n continuar desarrollando sus habilidades art\u00edsticas y fomentar su creatividad en cada proyecto que emprendan.<\/p>\n<p style=\"text-align: justify;\">El programa Autonom\u00eda Econ\u00f3mica de la Mujer es una iniciativa clave en nuestra comuna que busca promover la independencia y el empoderamiento de las mujeres a trav\u00e9s de diversas actividades y talleres. Estos espacios permiten a las mujeres adquirir nuevas habilidades, mejorar su confianza y generar ingresos propios.<\/p>\n<p>&nbsp;<\/p>\n<p style=\"text-align: center;\"><strong>FOTOGRAF\u00cdAS:<\/strong><\/p>\n<p style=\"text-align: center;\"><iframe loading=\"lazy\" style=\"border: none; overflow: hidden;\" src=\"https:\/\/www.facebook.com\/plugins\/post.php?href=https%3A%2F%2Fwww.facebook.com%2Fyungayino.cl%2Fposts%2Fpfbid02Wh55A1S4PYt5Hi7TQkCu5dB9bEcxwLQmrMrK2oCcgQ3qSe6LPH2KAjdZ7McshsFUl&amp;show_text=true&amp;width=500\" width=\"500\" height=\"790\" frameborder=\"0\" scrolling=\"no\" allowfullscreen=\"allowfullscreen\"><\/iframe><\/p>\n","protected":false},"excerpt":{"rendered":"<p>Yungay, junio 2024: Hasta la Sede de Barrio alto lleg\u00f3 el alcalde Rafael Cifuentes Rodr\u00edguez y el equipo del Programa Autonom\u00eda Econ\u00f3mica de la Mujer para visitar el taller \u201cLas Ovejitas\u201d y conocer sus&#46;&#46;&#46;<\/p>\n","protected":false},"author":2,"featured_media":31032,"comment_status":"closed","ping_status":"closed","sticky":false,"template":"","format":"standard","meta":{"footnotes":""},"categories":[1],"tags":[3176,1115,2909,8,6,117],"class_list":["post-31031","post","type-post","status-publish","format-standard","has-post-thumbnail","hentry","category-noticias","tag-las-ovejitas","tag-noticias","tag-taller","tag-yungay","tag-yungayino","tag-yungayinocl"],"_links":{"self":[{"href":"https:\/\/www.yungayino.cl\/noticias\/index.php?rest_route=\/wp\/v2\/posts\/31031","targetHints":{"allow":["GET"]}}],"collection":[{"href":"https:\/\/www.yungayino.cl\/noticias\/index.php?rest_route=\/wp\/v2\/posts"}],"about":[{"href":"https:\/\/www.yungayino.cl\/noticias\/index.php?rest_route=\/wp\/v2\/types\/post"}],"author":[{"embeddable":true,"href":"https:\/\/www.yungayino.cl\/noticias\/index.php?rest_route=\/wp\/v2\/users\/2"}],"replies":[{"embeddable":true,"href":"https:\/\/www.yungayino.cl\/noticias\/index.php?rest_route=%2Fwp%2Fv2%2Fcomments&post=31031"}],"version-history":[{"count":3,"href":"https:\/\/www.yungayino.cl\/noticias\/index.php?rest_route=\/wp\/v2\/posts\/31031\/revisions"}],"predecessor-version":[{"id":31035,"href":"https:\/\/www.yungayino.cl\/noticias\/index.php?rest_route=\/wp\/v2\/posts\/31031\/revisions\/31035"}],"wp:featuredmedia":[{"embeddable":true,"href":"https:\/\/www.yungayino.cl\/noticias\/index.php?rest_route=\/wp\/v2\/media\/31032"}],"wp:attachment":[{"href":"https:\/\/www.yungayino.cl\/noticias\/index.php?rest_route=%2Fwp%2Fv2%2Fmedia&parent=31031"}],"wp:term":[{"taxonomy":"category","embeddable":true,"href":"https:\/\/www.yungayino.cl\/noticias\/index.php?rest_route=%2Fwp%2Fv2%2Fcategories&post=31031"},{"taxonomy":"post_tag","embeddable":true,"href":"https:\/\/www.yungayino.cl\/noticias\/index.php?rest_route=%2Fwp%2Fv2%2Ftags&post=31031"}],"curies":[{"name":"wp","href":"https:\/\/api.w.org\/{rel}","templated":true}]}}