{"id":31036,"date":"2024-06-15T23:00:47","date_gmt":"2024-06-16T02:00:47","guid":{"rendered":"https:\/\/www.yungayino.cl\/noticias\/?p=31036"},"modified":"2024-06-16T00:01:00","modified_gmt":"2024-06-16T03:01:00","slug":"espectaculo-de-lucha-libre-se-realizo-en-yungay-en-el-marco-de-la-celebracion-dia-del-padre","status":"publish","type":"post","link":"https:\/\/www.yungayino.cl\/noticias\/?p=31036","title":{"rendered":"Espect\u00e1culo de Lucha Libre se Realiz\u00f3 en Yungay en el Marco de la Celebraci\u00f3n D\u00eda del Padre"},"content":{"rendered":"<p><img loading=\"lazy\" decoding=\"async\" class=\"alignnone wp-image-31037 size-full\" src=\"https:\/\/www.yungayino.cl\/noticias\/wp-content\/uploads\/2024\/06\/portada-13.jpg\" alt=\"\" width=\"700\" height=\"350\" srcset=\"https:\/\/www.yungayino.cl\/noticias\/wp-content\/uploads\/2024\/06\/portada-13.jpg 700w, https:\/\/www.yungayino.cl\/noticias\/wp-content\/uploads\/2024\/06\/portada-13-300x150.jpg 300w\" sizes=\"auto, (max-width: 700px) 100vw, 700px\" \/><\/p>\n<p style=\"text-align: justify;\">Yungay, junio 2024: En el Polideportivo Municipal de Yungay se present\u00f3 \u201cAcci\u00f3n Sin L\u00edmites Lucha Libre Concepci\u00f3n\u201d, espect\u00e1culo realizado por la Municipalidad de Yungay en el marco de la celebraci\u00f3n del D\u00eda del Padre, donde cientos de Yungayinos (as) llegaron en familia a disfrutar de dos horas de una experiencia \u00fanica y emocionante en nuestra comuna, con un espect\u00e1culo deportivo de lucha libre a la chilena con los mejores exponentes a nivel de la zona sur.<\/p>\n<p style=\"text-align: justify;\">Finalmente, el p\u00fablico que llego al Polideportivo Municipal disfrut\u00f3 y vibr\u00f3 con la serie de enfrentamientos de lucha libre sobre el ring ovacion\u00e1ndolo con aplausos a cada uno de los luchadores (as) que se presentaron por primera vez en Yungay.<\/p>\n<p>&nbsp;<\/p>\n<p style=\"text-align: center;\"><strong>FOTOGRAF\u00cdAS Y VIDEOS:<\/strong><\/p>\n<p style=\"text-align: center;\"><iframe loading=\"lazy\" style=\"border: none; overflow: hidden;\" src=\"https:\/\/www.facebook.com\/plugins\/post.php?href=https%3A%2F%2Fwww.facebook.com%2Fyungayino.cl%2Fposts%2Fpfbid02ki991LiMnAZVxKE2FtfEEQ3Nwko6cpdgicRsskNrhcKm9vyRuKh1KMigrKBhVtwHl&amp;show_text=true&amp;width=500\" width=\"500\" height=\"746\" frameborder=\"0\" scrolling=\"no\" allowfullscreen=\"allowfullscreen\"><\/iframe><\/p>\n","protected":false},"excerpt":{"rendered":"<p>Yungay, junio 2024: En el Polideportivo Municipal de Yungay se present\u00f3 \u201cAcci\u00f3n Sin L\u00edmites Lucha Libre Concepci\u00f3n\u201d, espect\u00e1culo realizado por la Municipalidad de Yungay en el marco de la celebraci\u00f3n del D\u00eda del Padre,&#46;&#46;&#46;<\/p>\n","protected":false},"author":2,"featured_media":31037,"comment_status":"closed","ping_status":"closed","sticky":false,"template":"","format":"standard","meta":{"footnotes":""},"categories":[1],"tags":[1370,3177,1115,8,6,117],"class_list":["post-31036","post","type-post","status-publish","format-standard","has-post-thumbnail","hentry","category-noticias","tag-dia-del-padre","tag-libre","tag-noticias","tag-yungay","tag-yungayino","tag-yungayinocl"],"_links":{"self":[{"href":"https:\/\/www.yungayino.cl\/noticias\/index.php?rest_route=\/wp\/v2\/posts\/31036","targetHints":{"allow":["GET"]}}],"collection":[{"href":"https:\/\/www.yungayino.cl\/noticias\/index.php?rest_route=\/wp\/v2\/posts"}],"about":[{"href":"https:\/\/www.yungayino.cl\/noticias\/index.php?rest_route=\/wp\/v2\/types\/post"}],"author":[{"embeddable":true,"href":"https:\/\/www.yungayino.cl\/noticias\/index.php?rest_route=\/wp\/v2\/users\/2"}],"replies":[{"embeddable":true,"href":"https:\/\/www.yungayino.cl\/noticias\/index.php?rest_route=%2Fwp%2Fv2%2Fcomments&post=31036"}],"version-history":[{"count":2,"href":"https:\/\/www.yungayino.cl\/noticias\/index.php?rest_route=\/wp\/v2\/posts\/31036\/revisions"}],"predecessor-version":[{"id":31039,"href":"https:\/\/www.yungayino.cl\/noticias\/index.php?rest_route=\/wp\/v2\/posts\/31036\/revisions\/31039"}],"wp:featuredmedia":[{"embeddable":true,"href":"https:\/\/www.yungayino.cl\/noticias\/index.php?rest_route=\/wp\/v2\/media\/31037"}],"wp:attachment":[{"href":"https:\/\/www.yungayino.cl\/noticias\/index.php?rest_route=%2Fwp%2Fv2%2Fmedia&parent=31036"}],"wp:term":[{"taxonomy":"category","embeddable":true,"href":"https:\/\/www.yungayino.cl\/noticias\/index.php?rest_route=%2Fwp%2Fv2%2Fcategories&post=31036"},{"taxonomy":"post_tag","embeddable":true,"href":"https:\/\/www.yungayino.cl\/noticias\/index.php?rest_route=%2Fwp%2Fv2%2Ftags&post=31036"}],"curies":[{"name":"wp","href":"https:\/\/api.w.org\/{rel}","templated":true}]}}