{"id":31071,"date":"2024-06-25T07:00:01","date_gmt":"2024-06-25T10:00:01","guid":{"rendered":"https:\/\/www.yungayino.cl\/noticias\/?p=31071"},"modified":"2024-06-24T20:06:19","modified_gmt":"2024-06-24T23:06:19","slug":"tres-mamografos-se-sumaran-a-la-red-de-salud-gracias-al-financiamiento-del-gobierno-regional","status":"publish","type":"post","link":"https:\/\/www.yungayino.cl\/noticias\/?p=31071","title":{"rendered":"Tres Mam\u00f3grafos Se Sumar\u00e1n A La Red De Salud Gracias Al Financiamiento Del Gobierno Regional"},"content":{"rendered":"<p><img loading=\"lazy\" decoding=\"async\" class=\"alignnone wp-image-31067 size-full\" src=\"https:\/\/www.yungayino.cl\/noticias\/wp-content\/uploads\/2024\/06\/mamografo-hospital.jpg\" alt=\"\" width=\"700\" height=\"350\" srcset=\"https:\/\/www.yungayino.cl\/noticias\/wp-content\/uploads\/2024\/06\/mamografo-hospital.jpg 700w, https:\/\/www.yungayino.cl\/noticias\/wp-content\/uploads\/2024\/06\/mamografo-hospital-300x150.jpg 300w\" sizes=\"auto, (max-width: 700px) 100vw, 700px\" \/><\/p>\n<p style=\"text-align: justify;\">\u00d1uble, junio 2024: Los equipos son para el Cesfam Violeta Parra de Chill\u00e1n, el Cesfam Michell Chand\u00eda de Coihueco y el <strong>Hospital de Yungay<\/strong>. La inversi\u00f3n podr\u00e1 concretarse tras la aprobaci\u00f3n de $1.041.391.000 por parte del Consejo Regional de \u00d1uble.<\/p>\n<p style=\"text-align: justify;\">Una muestra concreta del compromiso de acercar la salud a las personas dio el Consejo Regional, tras aprobar de manera un\u00e1nime el proyecto que permitir\u00e1 al Servicio de Salud \u00d1uble adquirir tres mam\u00f3grafos para la red asistencial. La inversi\u00f3n total supera los mil millones de pesos.<\/p>\n<p style=\"text-align: justify;\">Los equipos estar\u00e1n destinados al Cesfam Violeta Parra de Chill\u00e1n, al Cesfam Michell Chand\u00eda de Coihueco y al Hospital de Yungay; donde los usuarios podr\u00e1n tener a su disposici\u00f3n ex\u00e1menes de \u00faltima generaci\u00f3n en la detecci\u00f3n oportuna del c\u00e1ncer de mama.<\/p>\n<p style=\"text-align: justify;\">Sobre esta importante iniciativa, el Gobernador \u00d3scar Cris\u00f3stomo, expres\u00f3 que \u201cseguimos fortaleciendo la red de salud de \u00d1uble. Estamos con diversas obras de infraestructura, entregamos el Cesfam Ultraestaci\u00f3n, estamos construyendo el Cesfam Federico Puga en Chill\u00e1n Viejo; se est\u00e1 licitando el Dur\u00e1n Trujillo en San Carlos y tambi\u00e9n el Cesfam de Pinto; entre otros. Trabajamos con una clara intenci\u00f3n desde este Gobierno Regional para mejorar la salud de las personas y, en esa l\u00ednea, hemos aprobado estos tres mam\u00f3grafos que van a beneficiar a m\u00e1s de 45 mil mujeres, con lo que adem\u00e1s estamos descentralizando y haciendo que las atenciones de salud puedan realizarse en diferentes comunas. Hemos colaborado en construir una red de atenci\u00f3n que permitir\u00e1 reducir la lista de espera, acercar la salud y tener una mirada mucho m\u00e1s preventiva en materia del c\u00e1ncer de mama\u201d.<\/p>\n<p style=\"text-align: justify;\">En tanto, la directora del Servicio de Salud \u00d1uble, Elizabeth Abarca, recalc\u00f3 la importancia de poder contar con este equipamiento, ya que \u201cuna de las l\u00edneas prioritarias de nuestro trabajo es fortalecer la prevenci\u00f3n, detecci\u00f3n y diagn\u00f3stico oportuno del c\u00e1ncer, y por eso nuestros \u00e9nfasis se han centrado en robustecer el acceso y acercar la atenci\u00f3n, por lo que valoramos el trabajo colaborativo, realizado con el Gobierno Regional y su Consejo, en particular, agradecemos la aprobaci\u00f3n de recursos para la adquisici\u00f3n de estos modernos mam\u00f3grafos, lo que representa un nuevo paso para descentralizar las prestaciones. Esto es importante para una patolog\u00eda con alta prevalencia en \u00d1uble, como el c\u00e1ncer de mama; medida que apunta directamente a avanzar en equidad para la salud de las mujeres de nuestra regi\u00f3n\u201d.<\/p>\n<p style=\"text-align: justify;\">Cabe destacar que, adem\u00e1s de las caracter\u00edsticas t\u00e9cnicas de estos equipos, el proyecto plantea un sistema abierto, es decir, que permita la integraci\u00f3n de nuevas opciones tecnol\u00f3gicas para optimizar el funcionamiento y entregar resultados m\u00e1s oportunos.<\/p>\n","protected":false},"excerpt":{"rendered":"<p>\u00d1uble, junio 2024: Los equipos son para el Cesfam Violeta Parra de Chill\u00e1n, el Cesfam Michell Chand\u00eda de Coihueco y el Hospital de Yungay. La inversi\u00f3n podr\u00e1 concretarse tras la aprobaci\u00f3n de $1.041.391.000 por&#46;&#46;&#46;<\/p>\n","protected":false},"author":2,"featured_media":31067,"comment_status":"closed","ping_status":"closed","sticky":false,"template":"","format":"standard","meta":{"footnotes":""},"categories":[1,1675,1676],"tags":[421,3183,1115,65,8,6,117],"class_list":["post-31071","post","type-post","status-publish","format-standard","has-post-thumbnail","hentry","category-noticias","category-saludc","category-salud","tag-hospital-de-yungay","tag-mimografo","tag-noticias","tag-salud","tag-yungay","tag-yungayino","tag-yungayinocl"],"_links":{"self":[{"href":"https:\/\/www.yungayino.cl\/noticias\/index.php?rest_route=\/wp\/v2\/posts\/31071","targetHints":{"allow":["GET"]}}],"collection":[{"href":"https:\/\/www.yungayino.cl\/noticias\/index.php?rest_route=\/wp\/v2\/posts"}],"about":[{"href":"https:\/\/www.yungayino.cl\/noticias\/index.php?rest_route=\/wp\/v2\/types\/post"}],"author":[{"embeddable":true,"href":"https:\/\/www.yungayino.cl\/noticias\/index.php?rest_route=\/wp\/v2\/users\/2"}],"replies":[{"embeddable":true,"href":"https:\/\/www.yungayino.cl\/noticias\/index.php?rest_route=%2Fwp%2Fv2%2Fcomments&post=31071"}],"version-history":[{"count":1,"href":"https:\/\/www.yungayino.cl\/noticias\/index.php?rest_route=\/wp\/v2\/posts\/31071\/revisions"}],"predecessor-version":[{"id":31072,"href":"https:\/\/www.yungayino.cl\/noticias\/index.php?rest_route=\/wp\/v2\/posts\/31071\/revisions\/31072"}],"wp:featuredmedia":[{"embeddable":true,"href":"https:\/\/www.yungayino.cl\/noticias\/index.php?rest_route=\/wp\/v2\/media\/31067"}],"wp:attachment":[{"href":"https:\/\/www.yungayino.cl\/noticias\/index.php?rest_route=%2Fwp%2Fv2%2Fmedia&parent=31071"}],"wp:term":[{"taxonomy":"category","embeddable":true,"href":"https:\/\/www.yungayino.cl\/noticias\/index.php?rest_route=%2Fwp%2Fv2%2Fcategories&post=31071"},{"taxonomy":"post_tag","embeddable":true,"href":"https:\/\/www.yungayino.cl\/noticias\/index.php?rest_route=%2Fwp%2Fv2%2Ftags&post=31071"}],"curies":[{"name":"wp","href":"https:\/\/api.w.org\/{rel}","templated":true}]}}