{"id":31073,"date":"2024-06-27T07:00:14","date_gmt":"2024-06-27T10:00:14","guid":{"rendered":"https:\/\/www.yungayino.cl\/noticias\/?p=31073"},"modified":"2024-06-23T22:14:34","modified_gmt":"2024-06-24T01:14:34","slug":"nuble-lidera-la-cobertura-de-vacunacion-contra-la-influenza-superando-el-93","status":"publish","type":"post","link":"https:\/\/www.yungayino.cl\/noticias\/?p=31073","title":{"rendered":"\u00d1uble Lidera La Cobertura De Vacunaci\u00f3n Contra La Influenza Superando El 93%"},"content":{"rendered":"<p><img loading=\"lazy\" decoding=\"async\" class=\"alignnone wp-image-31068 size-full\" src=\"https:\/\/www.yungayino.cl\/noticias\/wp-content\/uploads\/2024\/06\/Red-Asistencial.jpg\" alt=\"\" width=\"700\" height=\"350\" srcset=\"https:\/\/www.yungayino.cl\/noticias\/wp-content\/uploads\/2024\/06\/Red-Asistencial.jpg 700w, https:\/\/www.yungayino.cl\/noticias\/wp-content\/uploads\/2024\/06\/Red-Asistencial-300x150.jpg 300w\" sizes=\"auto, (max-width: 700px) 100vw, 700px\" \/><\/p>\n<p style=\"text-align: justify;\">\u00d1uble, junio 2024: Seg\u00fan los antecedentes del DEIS, las consultas totales de urgencia disminuyeron en un 12%, mientras que las atenciones por causas respiratorias registraron un descenso del 32,5% durante la \u00faltima semana.<\/p>\n<p style=\"text-align: justify;\">Por cuarta semana consecutiva, \u00d1uble registra un descenso en las consultas de urgencia y en las atenciones por causas respiratorias. Adem\u00e1s, contin\u00faa siendo l\u00edder a nivel nacional en la cobertura contra la influenza, alcanzando el 93,28% de la poblaci\u00f3n objetivo inmunizada.<\/p>\n<p style=\"text-align: justify;\">En relaci\u00f3n con el reporte del Departamento de Estad\u00edstica e Informaci\u00f3n del Ministerio de Salud (DEIS), se establece que en la semana epidemiol\u00f3gica 24, del 9 al 15 de junio, se realizaron 8.608 prestaciones de urgencia en todos los establecimientos de la red, lo que representa una reducci\u00f3n del 12,2% respecto de la semana anterior. De estas, el 21,6% correspondieron a atenciones por causa respiratoria.<\/p>\n<p style=\"text-align: justify;\">\u201cActualmente, nuestra Regi\u00f3n sigue liderando el proceso de vacunaci\u00f3n contra la Influenza e inmunizaci\u00f3n con Nirsevimab, llegando al 93% y 92% respectivamente. Esta positiva adhesi\u00f3n al proceso, ha permitido proteger a la poblaci\u00f3n de la Influenza y el Virus Respiratorio Sincicial, los cuales pueden generar complicaciones de salud graves en las personas\u201d, precis\u00f3 la Directora del Servicio de Salud \u00d1uble (SS\u00d1), Elizabeth Abarca Trivi\u00f1o.<\/p>\n<p style=\"text-align: justify;\">Asimismo, la directiva recalc\u00f3 que \u201ca pesar de la disminuci\u00f3n en la curva de casos, no debemos relajar las medidas de autocuidado. La lluvia y las bajas temperaturas crean un ambiente propicio para la transmisi\u00f3n de virus. Por lo tanto, reforzamos el llamado al cuidado de la poblaci\u00f3n y a seguir tomando en cuenta las medidas preventivas, especialmente considerando el inicio de las vacaciones de invierno\u201d.<\/p>\n<p style=\"text-align: justify;\"><strong>Disminuci\u00f3n de hospitalizaciones<\/strong><\/p>\n<p style=\"text-align: justify;\">A diferencia de las semanas anteriores, el virus m\u00e1s detectado fue el Rinovirus, seguido por la Influenza. La Dra. Michelle De Arcas, Subdirectora (s) de Gesti\u00f3n Asistencial del SS\u00d1, explic\u00f3 que, \u201cen la \u00faltima semana epidemiol\u00f3gica se registr\u00f3 una disminuci\u00f3n del 1,39% en las hospitalizaciones por causas respiratorias, siendo el grupo etario con mayor cantidad de internaciones las personas mayores de 65 a\u00f1os. Recordemos que nuestra red asistencial est\u00e1 fortalecida desde el inicio de la Campa\u00f1a de Invierno y se ha mantenido 100% operativa durante la emergencia meteorol\u00f3gica que atraviesa la regi\u00f3n\u201d.<\/p>\n<p style=\"text-align: justify;\"><strong>\u00a0<\/strong><\/p>\n<p style=\"text-align: justify;\"><strong>Cobertura Inmunizaci\u00f3n<\/strong><\/p>\n<p style=\"text-align: justify;\">Por otra parte, la Subdirectora de Gesti\u00f3n de los Cuidados del SS\u00d1, Eugenia Riveros Pincheira, indic\u00f3 que, \u201cen el marco de la campa\u00f1a de vacunaci\u00f3n contra la Influenza, los grupos objetivo de menor cobertura contin\u00faan siendo personas de 60 a\u00f1os y m\u00e1s, embarazadas y estrategia capullo. Para llegar a ellos, hemos implementado la vacunaci\u00f3n a domicilio, para lo cual tenemos disponible un n\u00famero de WhatsApp, +56989034074, donde las personas pueden contactar tanto para solicitar ser inmunizadas contra la Influenza o el Virus Respiratorio Sincicial, con el medicamento monoclonal Nirsevimab, que ha tenido un impacto positivo en ni\u00f1os y lactantes\u201d.<\/p>\n<p style=\"text-align: justify;\">En caso de necesitar orientaci\u00f3n sobre puntos de vacunaci\u00f3n o consultar por alguna sintomatolog\u00eda respiratoria, recordar que existe la <strong>l\u00ednea Salud Responde, 600 360 7777, disponible las 24 horas del d\u00eda<\/strong>.<\/p>\n","protected":false},"excerpt":{"rendered":"<p>\u00d1uble, junio 2024: Seg\u00fan los antecedentes del DEIS, las consultas totales de urgencia disminuyeron en un 12%, mientras que las atenciones por causas respiratorias registraron un descenso del 32,5% durante la \u00faltima semana. Por&#46;&#46;&#46;<\/p>\n","protected":false},"author":2,"featured_media":31068,"comment_status":"closed","ping_status":"closed","sticky":false,"template":"","format":"standard","meta":{"footnotes":""},"categories":[1,1675,1676],"tags":[341,1115,65,2426,8,6,117],"class_list":["post-31073","post","type-post","status-publish","format-standard","has-post-thumbnail","hentry","category-noticias","category-saludc","category-salud","tag-influenza","tag-noticias","tag-salud","tag-vacuna","tag-yungay","tag-yungayino","tag-yungayinocl"],"_links":{"self":[{"href":"https:\/\/www.yungayino.cl\/noticias\/index.php?rest_route=\/wp\/v2\/posts\/31073","targetHints":{"allow":["GET"]}}],"collection":[{"href":"https:\/\/www.yungayino.cl\/noticias\/index.php?rest_route=\/wp\/v2\/posts"}],"about":[{"href":"https:\/\/www.yungayino.cl\/noticias\/index.php?rest_route=\/wp\/v2\/types\/post"}],"author":[{"embeddable":true,"href":"https:\/\/www.yungayino.cl\/noticias\/index.php?rest_route=\/wp\/v2\/users\/2"}],"replies":[{"embeddable":true,"href":"https:\/\/www.yungayino.cl\/noticias\/index.php?rest_route=%2Fwp%2Fv2%2Fcomments&post=31073"}],"version-history":[{"count":3,"href":"https:\/\/www.yungayino.cl\/noticias\/index.php?rest_route=\/wp\/v2\/posts\/31073\/revisions"}],"predecessor-version":[{"id":31076,"href":"https:\/\/www.yungayino.cl\/noticias\/index.php?rest_route=\/wp\/v2\/posts\/31073\/revisions\/31076"}],"wp:featuredmedia":[{"embeddable":true,"href":"https:\/\/www.yungayino.cl\/noticias\/index.php?rest_route=\/wp\/v2\/media\/31068"}],"wp:attachment":[{"href":"https:\/\/www.yungayino.cl\/noticias\/index.php?rest_route=%2Fwp%2Fv2%2Fmedia&parent=31073"}],"wp:term":[{"taxonomy":"category","embeddable":true,"href":"https:\/\/www.yungayino.cl\/noticias\/index.php?rest_route=%2Fwp%2Fv2%2Fcategories&post=31073"},{"taxonomy":"post_tag","embeddable":true,"href":"https:\/\/www.yungayino.cl\/noticias\/index.php?rest_route=%2Fwp%2Fv2%2Ftags&post=31073"}],"curies":[{"name":"wp","href":"https:\/\/api.w.org\/{rel}","templated":true}]}}