{"id":31091,"date":"2024-06-25T08:00:13","date_gmt":"2024-06-25T11:00:13","guid":{"rendered":"https:\/\/www.yungayino.cl\/noticias\/?p=31091"},"modified":"2024-06-24T20:12:56","modified_gmt":"2024-06-24T23:12:56","slug":"gobierno-regional-y-subdere-comprometen-recursos-adicionales-para-concretar-la-reposicion-del-liceo-a-17-de-yungay","status":"publish","type":"post","link":"https:\/\/www.yungayino.cl\/noticias\/?p=31091","title":{"rendered":"Gobierno Regional Y Subdere Comprometen Recursos Adicionales Para Concretar La Reposici\u00f3n Del Liceo A-17 De Yungay"},"content":{"rendered":"<p><img loading=\"lazy\" decoding=\"async\" class=\"alignnone wp-image-31092 size-full\" src=\"https:\/\/www.yungayino.cl\/noticias\/wp-content\/uploads\/2024\/06\/liceo-yungay.jpg\" alt=\"\" width=\"700\" height=\"350\" srcset=\"https:\/\/www.yungayino.cl\/noticias\/wp-content\/uploads\/2024\/06\/liceo-yungay.jpg 700w, https:\/\/www.yungayino.cl\/noticias\/wp-content\/uploads\/2024\/06\/liceo-yungay-300x150.jpg 300w\" sizes=\"auto, (max-width: 700px) 100vw, 700px\" \/><\/p>\n<p style=\"text-align: justify;\">Junio 2024: El aumento presupuestario alcanzar\u00eda los M$7.553 y se concretar\u00e1 una vez que el proyecto obtenga una nueva Recomendaci\u00f3n Satisfactoria por parte de la Seremi de Desarrollo Social.<\/p>\n<p style=\"text-align: justify;\">Una productiva reuni\u00f3n sostuvo el Gobernador de \u00d1uble, \u00d3scar Cris\u00f3stomo, con la Subsecretaria de Desarrollo Regional y Administrativo, Francisca Perales, para revisar la situaci\u00f3n del proyecto de Reposici\u00f3n de Liceo A-17 de Yungay, luego de dos procesos de licitaci\u00f3n declarados desiertos por falta de oferentes. En la instancia, donde adem\u00e1s particip\u00f3 el alcalde, Rafael Cifuentes, acordaron someter a reevaluaci\u00f3n la iniciativa para obtener una nueva Recomendaci\u00f3n Satisfactoria (RS) por parte de la seremi de Desarrollo Social, y as\u00ed solicitar la asignaci\u00f3n de recursos adicionales que se sumar\u00edan a los M$8.805 aprobados en junio del 2022.<\/p>\n<p style=\"text-align: justify;\">En espec\u00edfico, se tratar\u00eda de un aporte de m\u00e1s de M$4.474, por parte de la Subsecretar\u00eda de Desarrollo Regional y Administrativo (Subdere), y M$3.078 como aumento presupuestario del Gobierno Regional, lo que permitir\u00eda al municipio llamar a una nueva licitaci\u00f3n.<\/p>\n<p style=\"text-align: justify;\">Una vez finalizada la reuni\u00f3n, el Gobernador Cris\u00f3stomo indic\u00f3 que se alcanzaron importantes acuerdos y explic\u00f3 que originalmente \u201ceste era un proyecto cercano a los 9 mil millones de pesos, pero debido a las alzas de materiales, y al tiempo que ha pasado, ha sufrido un incremento en sus valores y est\u00e1 llegando a cerca de los 16 mil millones de pesos, por lo tanto, necesit\u00e1bamos contar con m\u00e1s recursos de parte de la Subsecretar\u00eda de Desarrollo Regional quienes nos han confirmado que van a disponer m\u00e1s de 4 mil millones adicionales. Una vez que el proyecto obtenga un nuevo RS, nosotros lo ingresaremos al Consejo Regional para suplementar la diferencia que ser\u00edan cerca de 3 mil millones, por lo tanto, seguir\u00edamos haciendo un esfuerzo mancomunado para terminar con un problema que ha afectado a los estudiantes de la comuna durante tantos a\u00f1os\u201d.<\/p>\n<p style=\"text-align: justify;\">En ese sentido la autoridad record\u00f3 que \u201cluego del terremoto del 2010, no existi\u00f3 un proyecto hasta el 2022 donde aprobamos el dise\u00f1o y los recursos comprometidos por parte del Gobierno Regional y la Subsecretar\u00eda; as\u00ed que lo que resta ahora es la revaluaci\u00f3n, y llamar a una tercera licitaci\u00f3n para construir esta gran obra\u201d.<\/p>\n<p>&nbsp;<\/p>\n<p style=\"text-align: justify;\"><strong>Convenio firmado 2022<\/strong><\/p>\n<p style=\"text-align: justify;\">En septiembre de 2022, la Subdere y el Gobierno Regional de \u00d1uble, firmaron un convenio de colaboraci\u00f3n para el financiamiento de la reposici\u00f3n del establecimiento educacional, con un 69% y 31% de participaci\u00f3n respectivamente. Tras la aprobaci\u00f3n del proyecto se realizaron dos procesos de licitaci\u00f3n que fueron declarados desiertos, correspondientes a octubre y diciembre del a\u00f1o 2023. Por aquel motivo, en febrero de 2024 se conform\u00f3 una mesa t\u00e9cnica entre ambas instituciones adem\u00e1s del Ministerio de Desarrollo Social, en la que se analiz\u00f3 el presupuesto oficial de ambas licitaciones.<\/p>\n<p style=\"text-align: justify;\">La conclusi\u00f3n de la mesa fue que el presupuesto estaba muy por debajo del valor de mercado y que este costar\u00eda alrededor del doble de lo presupuestado.<\/p>\n<p style=\"text-align: justify;\">La reposici\u00f3n del recinto educativo contempla la construcci\u00f3n de un edificio de 6.143 m2 distribuido en tres pisos, adem\u00e1s de contar con patios abiertos, cubiertos y cerrados.<\/p>\n","protected":false},"excerpt":{"rendered":"<p>Junio 2024: El aumento presupuestario alcanzar\u00eda los M$7.553 y se concretar\u00e1 una vez que el proyecto obtenga una nueva Recomendaci\u00f3n Satisfactoria por parte de la Seremi de Desarrollo Social. Una productiva reuni\u00f3n sostuvo el&#46;&#46;&#46;<\/p>\n","protected":false},"author":2,"featured_media":31092,"comment_status":"closed","ping_status":"closed","sticky":false,"template":"","format":"standard","meta":{"footnotes":""},"categories":[1493,2571,1],"tags":[366,3187,1115,8,6,117],"class_list":["post-31091","post","type-post","status-publish","format-standard","has-post-thumbnail","hentry","category-educacion","category-educacion-2","category-noticias","tag-educacion","tag-liceo-a17-yungay","tag-noticias","tag-yungay","tag-yungayino","tag-yungayinocl"],"_links":{"self":[{"href":"https:\/\/www.yungayino.cl\/noticias\/index.php?rest_route=\/wp\/v2\/posts\/31091","targetHints":{"allow":["GET"]}}],"collection":[{"href":"https:\/\/www.yungayino.cl\/noticias\/index.php?rest_route=\/wp\/v2\/posts"}],"about":[{"href":"https:\/\/www.yungayino.cl\/noticias\/index.php?rest_route=\/wp\/v2\/types\/post"}],"author":[{"embeddable":true,"href":"https:\/\/www.yungayino.cl\/noticias\/index.php?rest_route=\/wp\/v2\/users\/2"}],"replies":[{"embeddable":true,"href":"https:\/\/www.yungayino.cl\/noticias\/index.php?rest_route=%2Fwp%2Fv2%2Fcomments&post=31091"}],"version-history":[{"count":1,"href":"https:\/\/www.yungayino.cl\/noticias\/index.php?rest_route=\/wp\/v2\/posts\/31091\/revisions"}],"predecessor-version":[{"id":31093,"href":"https:\/\/www.yungayino.cl\/noticias\/index.php?rest_route=\/wp\/v2\/posts\/31091\/revisions\/31093"}],"wp:featuredmedia":[{"embeddable":true,"href":"https:\/\/www.yungayino.cl\/noticias\/index.php?rest_route=\/wp\/v2\/media\/31092"}],"wp:attachment":[{"href":"https:\/\/www.yungayino.cl\/noticias\/index.php?rest_route=%2Fwp%2Fv2%2Fmedia&parent=31091"}],"wp:term":[{"taxonomy":"category","embeddable":true,"href":"https:\/\/www.yungayino.cl\/noticias\/index.php?rest_route=%2Fwp%2Fv2%2Fcategories&post=31091"},{"taxonomy":"post_tag","embeddable":true,"href":"https:\/\/www.yungayino.cl\/noticias\/index.php?rest_route=%2Fwp%2Fv2%2Ftags&post=31091"}],"curies":[{"name":"wp","href":"https:\/\/api.w.org\/{rel}","templated":true}]}}