{"id":31100,"date":"2024-07-03T07:00:51","date_gmt":"2024-07-03T10:00:51","guid":{"rendered":"https:\/\/www.yungayino.cl\/noticias\/?p=31100"},"modified":"2024-06-29T13:58:22","modified_gmt":"2024-06-29T16:58:22","slug":"gobierno-lanza-campana-informativa-sobre-el-subsidio-electrico-para-familias-mas-vulnerables","status":"publish","type":"post","link":"https:\/\/www.yungayino.cl\/noticias\/?p=31100","title":{"rendered":"Gobierno Lanza Campa\u00f1a Informativa Sobre El Subsidio El\u00e9ctrico Para Familias M\u00e1s Vulnerables"},"content":{"rendered":"<p><img loading=\"lazy\" decoding=\"async\" class=\"alignnone wp-image-31108 size-full\" src=\"https:\/\/www.yungayino.cl\/noticias\/wp-content\/uploads\/2024\/06\/subsidio-electrico-1.jpg\" alt=\"\" width=\"700\" height=\"875\" srcset=\"https:\/\/www.yungayino.cl\/noticias\/wp-content\/uploads\/2024\/06\/subsidio-electrico-1.jpg 700w, https:\/\/www.yungayino.cl\/noticias\/wp-content\/uploads\/2024\/06\/subsidio-electrico-1-240x300.jpg 240w\" sizes=\"auto, (max-width: 700px) 100vw, 700px\" \/><\/p>\n<p style=\"text-align: justify;\">Julio 2024: Este beneficio est\u00e1 dirigido a 1,5 millones de los hogares m\u00e1s vulnerables y su postulaci\u00f3n comenzar\u00e1 el 1 de julio en el sitio web <a href=\"http:\/\/www.subsidioelectrico.cl.\">www.subsidioelectrico.cl.<\/a> En la regi\u00f3n de \u00d1uble, el universo de posibles beneficiarios alcanza los 380 mil.<\/p>\n<p style=\"text-align: justify;\">Durante la actividad, el ministro Pardow explic\u00f3 que \u201cesta pol\u00edtica p\u00fablica se implementa por primera vez para que familias puedan acompa\u00f1ar el proceso de ajustes que son necesarios en el sistema el\u00e9ctrico. Este subsidio busca entregar un alivio efectivo al bolsillo de los habitantes de todas las comunas del pa\u00eds\u201d.<\/p>\n<p style=\"text-align: justify;\">Por su parte, el subsecretario Ramos plante\u00f3 que \u201ces muy importante que la gente pueda informarse para poder conocer los requisitos y los canales para postular a este subsidio. Por eso hemos habilitado distintas v\u00edas para que la gente pueda informarse. La principal es la p\u00e1gina web <strong><a href=\"http:\/\/www.subsidioelectrico.cl\/\">www.subsidioelectrico.cl<\/a><\/strong> pero tambi\u00e9n estar\u00e1n habilitadas otras v\u00edas, como un Call Center para que la gente pueda informarse directamente respecto de su situaci\u00f3n personal y tambi\u00e9n un WhatsApp que estar\u00e1 disponible las 24 horas\u201d.<\/p>\n<p style=\"text-align: justify;\">Los requisitos de postulaci\u00f3n al subsidio el\u00e9ctrico son pertenecer a un hogar que se encuentre en el 40% m\u00e1s vulnerable del Registro Social de Hogares y estar al d\u00eda en las cuentas de electricidad o, en su defecto, tener suscrito un convenio de pago al momento de la asignaci\u00f3n del beneficio.<\/p>\n<p style=\"text-align: justify;\">El proceso de postulaci\u00f3n se iniciar\u00e1 el pr\u00f3ximo 1 de julio en el sitio web <strong><a href=\"http:\/\/www.subsidioelectrico.cl\/\">www.subsidioelectrico.cl<\/a><\/strong> y se extender\u00e1 hasta el 14 de julio a las 23:59 horas.<\/p>\n<p style=\"text-align: justify;\">Quienes sean beneficiarios de este subsidio se materializar\u00e1 a trav\u00e9s de un descuento en las cuentas de luz.<\/p>\n<p style=\"text-align: justify;\">\u201cEstamos trabajando para que el pago de este subsidio correspondiente al segundo semestre de 2024 se pague en una sola cuota en octubre, de tal manera que cubra los meses de julio a diciembre. A partir del a\u00f1o 2025, el subsidio se va a materializar mensualmente\u201d, explic\u00f3 Pardow.<\/p>\n<p style=\"text-align: justify;\">En cuanto a la cobertura del subsidio en la regi\u00f3n, el Seremi de Energ\u00eda de \u00d1uble, Dennis Rivas Oviedo, se\u00f1al\u00f3 que \u201caproximadamente, 155 mil hogares de nuestra regi\u00f3n podr\u00e1n postular a este importante beneficio, el cual ser\u00e1 un aporte directo al bolsillo de las familias que m\u00e1s lo necesitan, siguiendo el compromiso del presidente, Gabriel Boric\u201d.<\/p>\n<p style=\"text-align: justify;\">Para resolver dudas del proceso, adem\u00e1s del sitio web <strong><a href=\"http:\/\/www.subsidioelectrico.cl\/\">www.subsidioelectrico.cl<\/a><\/strong>, se implement\u00f3 un servicio de <strong>atenci\u00f3n telef\u00f3nica<\/strong> en el <strong>600<\/strong><strong> 6000 732<\/strong> o v\u00eda <strong>WhatsApp<\/strong> a trav\u00e9s del <strong>+569 9000 0236<\/strong>.<\/p>\n","protected":false},"excerpt":{"rendered":"<p>Julio 2024: Este beneficio est\u00e1 dirigido a 1,5 millones de los hogares m\u00e1s vulnerables y su postulaci\u00f3n comenzar\u00e1 el 1 de julio en el sitio web www.subsidioelectrico.cl. En la regi\u00f3n de \u00d1uble, el universo&#46;&#46;&#46;<\/p>\n","protected":false},"author":2,"featured_media":31109,"comment_status":"closed","ping_status":"closed","sticky":false,"template":"","format":"standard","meta":{"footnotes":""},"categories":[1,32],"tags":[1115,3188,8,6,117],"class_list":["post-31100","post","type-post","status-publish","format-standard","has-post-thumbnail","hentry","category-noticias","category-servicios","tag-noticias","tag-subsidio-electrico","tag-yungay","tag-yungayino","tag-yungayinocl"],"_links":{"self":[{"href":"https:\/\/www.yungayino.cl\/noticias\/index.php?rest_route=\/wp\/v2\/posts\/31100","targetHints":{"allow":["GET"]}}],"collection":[{"href":"https:\/\/www.yungayino.cl\/noticias\/index.php?rest_route=\/wp\/v2\/posts"}],"about":[{"href":"https:\/\/www.yungayino.cl\/noticias\/index.php?rest_route=\/wp\/v2\/types\/post"}],"author":[{"embeddable":true,"href":"https:\/\/www.yungayino.cl\/noticias\/index.php?rest_route=\/wp\/v2\/users\/2"}],"replies":[{"embeddable":true,"href":"https:\/\/www.yungayino.cl\/noticias\/index.php?rest_route=%2Fwp%2Fv2%2Fcomments&post=31100"}],"version-history":[{"count":1,"href":"https:\/\/www.yungayino.cl\/noticias\/index.php?rest_route=\/wp\/v2\/posts\/31100\/revisions"}],"predecessor-version":[{"id":31110,"href":"https:\/\/www.yungayino.cl\/noticias\/index.php?rest_route=\/wp\/v2\/posts\/31100\/revisions\/31110"}],"wp:featuredmedia":[{"embeddable":true,"href":"https:\/\/www.yungayino.cl\/noticias\/index.php?rest_route=\/wp\/v2\/media\/31109"}],"wp:attachment":[{"href":"https:\/\/www.yungayino.cl\/noticias\/index.php?rest_route=%2Fwp%2Fv2%2Fmedia&parent=31100"}],"wp:term":[{"taxonomy":"category","embeddable":true,"href":"https:\/\/www.yungayino.cl\/noticias\/index.php?rest_route=%2Fwp%2Fv2%2Fcategories&post=31100"},{"taxonomy":"post_tag","embeddable":true,"href":"https:\/\/www.yungayino.cl\/noticias\/index.php?rest_route=%2Fwp%2Fv2%2Ftags&post=31100"}],"curies":[{"name":"wp","href":"https:\/\/api.w.org\/{rel}","templated":true}]}}