{"id":31114,"date":"2024-07-01T07:00:21","date_gmt":"2024-07-01T10:00:21","guid":{"rendered":"https:\/\/www.yungayino.cl\/noticias\/?p=31114"},"modified":"2024-06-29T14:03:06","modified_gmt":"2024-06-29T17:03:06","slug":"lanzan-sitio-web-aire-nuble-para-reforzar-medidas-de-descontaminacion-atmosferica","status":"publish","type":"post","link":"https:\/\/www.yungayino.cl\/noticias\/?p=31114","title":{"rendered":"Lanzan Sitio Web \u201cAire \u00d1uble\u201d Para Reforzar Medidas De Descontaminaci\u00f3n Atmosf\u00e9rica"},"content":{"rendered":"<p><img loading=\"lazy\" decoding=\"async\" class=\"alignnone wp-image-31105 size-full\" src=\"https:\/\/www.yungayino.cl\/noticias\/wp-content\/uploads\/2024\/06\/Lanzamiento-web-calidad-de-aire-1.jpg\" alt=\"\" width=\"700\" height=\"350\" srcset=\"https:\/\/www.yungayino.cl\/noticias\/wp-content\/uploads\/2024\/06\/Lanzamiento-web-calidad-de-aire-1.jpg 700w, https:\/\/www.yungayino.cl\/noticias\/wp-content\/uploads\/2024\/06\/Lanzamiento-web-calidad-de-aire-1-300x150.jpg 300w\" sizes=\"auto, (max-width: 700px) 100vw, 700px\" \/><\/p>\n<p style=\"text-align: justify;\">\u00d1uble, julio 2024: Con el objetivo de educar y concienciar, el nuevo sitio web <strong>\u201cAire \u00d1uble\u201d<\/strong> proporciona informaci\u00f3n clave sobre la calidad del aire y educaci\u00f3n ambiental.<\/p>\n<p style=\"text-align: justify;\">La nueva web \u201cAire \u00d1uble\u201d (<a href=\"https:\/\/airenuble.mma.gob.cl\">https:\/\/airenuble.mma.gob.cl<\/a>) ofrece una plataforma integral con informaci\u00f3n y recursos destinados a mejorar la calidad del aire en nuestra regi\u00f3n. El lanzamiento oficial del sitio web se realiz\u00f3 en un punto de prensa en las oficinas de la Seremi del Medio Ambiente de \u00d1uble, en compa\u00f1\u00eda del Seremi de Deporte, Julio Jorquera, y la Jefa Provincial de Educaci\u00f3n \u00d1uble, Mar\u00eda Fernanda Rojas.<\/p>\n<p style=\"text-align: justify;\">El sitio web incluye pron\u00f3sticos de calidad del aire con informaci\u00f3n oficial para Chill\u00e1n y Chill\u00e1n Viejo, junto con un v\u00ednculo al Sistema Nacional de Calidad del Aire (SINCA). Tambi\u00e9n brinda acceso a documentos oficiales sobre planes de descontaminaci\u00f3n y normativas, as\u00ed como conceptos clave sobre calidad del aire. Adem\u00e1s, contiene recursos educativos para aprender sobre la contaminaci\u00f3n del aire y sus efectos, incluyendo gu\u00edas y material audiovisual para descarga y uso en redes sociales. Se proporciona informaci\u00f3n sobre el Programa de Recambio de Calefactores, con detalles sobre los llamados vigentes y el proceso de reemplazo de calefactores antiguos por modelos m\u00e1s eficientes. El sitio tambi\u00e9n ofrece recomendaciones y restricciones para episodios cr\u00edticos de contaminaci\u00f3n, aplicables tanto a Chill\u00e1n y Chill\u00e1n Viejo como al resto de la regi\u00f3n. Incluye un consolidado de organismos con competencias en fiscalizaci\u00f3n sobre incumplimientos de normas ambientales y proporciona noticias y actualizaciones relevantes sobre la calidad del aire y acciones medioambientales en la regi\u00f3n.<\/p>\n<p style=\"text-align: justify;\">Uno de los aspectos m\u00e1s destacables del sitio web \u201cAire \u00d1uble\u201d es su secci\u00f3n de gu\u00edas educativas dise\u00f1adas para diferentes niveles de ense\u00f1anza. Incluye el Cuadernillo de Calidad del Aire, gu\u00edas espec\u00edficas para niveles educativos, una gu\u00eda de actividades f\u00edsicas para d\u00edas con episodio cr\u00edtico y una gu\u00eda de dise\u00f1o de \u00e1reas verdes con soluciones basadas en la naturaleza, todo ello a disposici\u00f3n para su descarga y uso pedag\u00f3gico.<\/p>\n<p style=\"text-align: justify;\">En el marco del proceso de elaboraci\u00f3n de un nuevo Plan de Descontaminaci\u00f3n Atmosf\u00e9rica (PDA) para la regi\u00f3n, el sitio web \u201cAire \u00d1uble\u201d se convierte en una herramienta fundamental para la educaci\u00f3n y concienciaci\u00f3n de la comunidad. La participaci\u00f3n activa de los ciudadanos y su compromiso con pr\u00e1cticas sustentables son esenciales para alcanzar un aire m\u00e1s limpio y saludable.<\/p>\n<p style=\"text-align: justify;\">El Seremi del Medio Ambiente de \u00d1uble, Mario Rivas Pe\u00f1a, coment\u00f3: \u00abCon el objetivo de impulsar una mejor calidad de aire junto a la ciudadan\u00eda, hoy lanzamos Aire \u00d1uble, el sitio web que consolida toda la informaci\u00f3n sobre el pron\u00f3stico de episodios cr\u00edticos, la normativa, restricciones, recomendaciones para la descontaminaci\u00f3n atmosf\u00e9rica, as\u00ed como tambi\u00e9n orientaciones sobre d\u00f3nde y qu\u00e9 denunciar. Adem\u00e1s, publicamos una serie de gu\u00edas y material educativo descargable que promueven actividades de concienciaci\u00f3n en establecimientos educacionales y de actividades f\u00edsicas seguras. As\u00ed, junto al reforzamiento de las fiscalizaciones y al Programa de Recambio de Calefactores que impulsamos junto al Gobierno Regional, seguiremos avanzando hacia una mejor calidad de aire en \u00d1uble.\u00bb<\/p>\n<p style=\"text-align: justify;\">Se hace un llamado a todos los ciudadanos a visitar el sitio web, mantenerse informados y sumarse a nuestros esfuerzos por un \u00d1uble con mejor calidad de aire.<\/p>\n<p><img loading=\"lazy\" decoding=\"async\" class=\"alignnone wp-image-31104 size-full\" src=\"https:\/\/www.yungayino.cl\/noticias\/wp-content\/uploads\/2024\/06\/calidad-del-aire-1.png\" alt=\"\" width=\"700\" height=\"700\" srcset=\"https:\/\/www.yungayino.cl\/noticias\/wp-content\/uploads\/2024\/06\/calidad-del-aire-1.png 700w, https:\/\/www.yungayino.cl\/noticias\/wp-content\/uploads\/2024\/06\/calidad-del-aire-1-300x300.png 300w, https:\/\/www.yungayino.cl\/noticias\/wp-content\/uploads\/2024\/06\/calidad-del-aire-1-150x150.png 150w, https:\/\/www.yungayino.cl\/noticias\/wp-content\/uploads\/2024\/06\/calidad-del-aire-1-80x80.png 80w, https:\/\/www.yungayino.cl\/noticias\/wp-content\/uploads\/2024\/06\/calidad-del-aire-1-320x320.png 320w\" sizes=\"auto, (max-width: 700px) 100vw, 700px\" \/><\/p>\n","protected":false},"excerpt":{"rendered":"<p>\u00d1uble, julio 2024: Con el objetivo de educar y concienciar, el nuevo sitio web \u201cAire \u00d1uble\u201d proporciona informaci\u00f3n clave sobre la calidad del aire y educaci\u00f3n ambiental. La nueva web \u201cAire \u00d1uble\u201d (https:\/\/airenuble.mma.gob.cl) ofrece&#46;&#46;&#46;<\/p>\n","protected":false},"author":2,"featured_media":31105,"comment_status":"closed","ping_status":"closed","sticky":false,"template":"","format":"standard","meta":{"footnotes":""},"categories":[1],"tags":[3190,1115,1678,8,6,117],"class_list":["post-31114","post","type-post","status-publish","format-standard","has-post-thumbnail","hentry","category-noticias","tag-aire-nuble","tag-noticias","tag-nuble","tag-yungay","tag-yungayino","tag-yungayinocl"],"_links":{"self":[{"href":"https:\/\/www.yungayino.cl\/noticias\/index.php?rest_route=\/wp\/v2\/posts\/31114","targetHints":{"allow":["GET"]}}],"collection":[{"href":"https:\/\/www.yungayino.cl\/noticias\/index.php?rest_route=\/wp\/v2\/posts"}],"about":[{"href":"https:\/\/www.yungayino.cl\/noticias\/index.php?rest_route=\/wp\/v2\/types\/post"}],"author":[{"embeddable":true,"href":"https:\/\/www.yungayino.cl\/noticias\/index.php?rest_route=\/wp\/v2\/users\/2"}],"replies":[{"embeddable":true,"href":"https:\/\/www.yungayino.cl\/noticias\/index.php?rest_route=%2Fwp%2Fv2%2Fcomments&post=31114"}],"version-history":[{"count":3,"href":"https:\/\/www.yungayino.cl\/noticias\/index.php?rest_route=\/wp\/v2\/posts\/31114\/revisions"}],"predecessor-version":[{"id":31117,"href":"https:\/\/www.yungayino.cl\/noticias\/index.php?rest_route=\/wp\/v2\/posts\/31114\/revisions\/31117"}],"wp:featuredmedia":[{"embeddable":true,"href":"https:\/\/www.yungayino.cl\/noticias\/index.php?rest_route=\/wp\/v2\/media\/31105"}],"wp:attachment":[{"href":"https:\/\/www.yungayino.cl\/noticias\/index.php?rest_route=%2Fwp%2Fv2%2Fmedia&parent=31114"}],"wp:term":[{"taxonomy":"category","embeddable":true,"href":"https:\/\/www.yungayino.cl\/noticias\/index.php?rest_route=%2Fwp%2Fv2%2Fcategories&post=31114"},{"taxonomy":"post_tag","embeddable":true,"href":"https:\/\/www.yungayino.cl\/noticias\/index.php?rest_route=%2Fwp%2Fv2%2Ftags&post=31114"}],"curies":[{"name":"wp","href":"https:\/\/api.w.org\/{rel}","templated":true}]}}