{"id":31120,"date":"2024-06-28T10:00:19","date_gmt":"2024-06-28T13:00:19","guid":{"rendered":"https:\/\/www.yungayino.cl\/noticias\/?p=31120"},"modified":"2024-06-29T14:29:12","modified_gmt":"2024-06-29T17:29:12","slug":"taller-pangal-del-laja","status":"publish","type":"post","link":"https:\/\/www.yungayino.cl\/noticias\/?p=31120","title":{"rendered":"Taller Pangal Del Laja"},"content":{"rendered":"<p><img loading=\"lazy\" decoding=\"async\" class=\"alignnone wp-image-31121 size-full\" src=\"https:\/\/www.yungayino.cl\/noticias\/wp-content\/uploads\/2024\/06\/portada-22.jpg\" alt=\"\" width=\"700\" height=\"350\" srcset=\"https:\/\/www.yungayino.cl\/noticias\/wp-content\/uploads\/2024\/06\/portada-22.jpg 700w, https:\/\/www.yungayino.cl\/noticias\/wp-content\/uploads\/2024\/06\/portada-22-300x150.jpg 300w\" sizes=\"auto, (max-width: 700px) 100vw, 700px\" \/><\/p>\n<p style=\"text-align: justify;\">Yungay, junio 2024: El alcalde Rafael Cifuentes y el equipo profesional del programa Autonom\u00eda Econ\u00f3mica de la Mujer estuvieron presentes en el taller Artesanas de Pangal del Laja para entregar materiales esenciales y brindar su apoyo a las participantes, fortaleciendo su camino hacia la independencia econ\u00f3mica.<\/p>\n<p style=\"text-align: justify;\">Durante la visita, la encargada del programa de Autonom\u00eda Econ\u00f3mica de la Mujer, Karen Novoa, reconoci\u00f3 el valioso trabajo realizado por el taller, resaltando la importancia de fomentar la autonom\u00eda econ\u00f3mica de las mujeres a trav\u00e9s de la artesan\u00eda y el emprendimiento.<\/p>\n<p style=\"text-align: justify;\">Seguir\u00e1n comprometidos en apoyar iniciativas que promuevan la independencia y el empoderamiento de las mujeres en nuestra comuna.<\/p>\n<p style=\"text-align: center;\"><strong>FOTOGRAF\u00cdAS:<\/strong><\/p>\n<p style=\"text-align: center;\"><iframe loading=\"lazy\" style=\"border: none; overflow: hidden;\" src=\"https:\/\/www.facebook.com\/plugins\/post.php?href=https%3A%2F%2Fwww.facebook.com%2Fyungayino.cl%2Fposts%2Fpfbid02jQnyGVpaUdHSb6Ltspb3mEMoqVq778r5ivaoDps6fC3eCb9UF39drVXn87cgMPpcl&amp;show_text=true&amp;width=500\" width=\"500\" height=\"848\" frameborder=\"0\" scrolling=\"no\" allowfullscreen=\"allowfullscreen\"><\/iframe><\/p>\n","protected":false},"excerpt":{"rendered":"<p>Yungay, junio 2024: El alcalde Rafael Cifuentes y el equipo profesional del programa Autonom\u00eda Econ\u00f3mica de la Mujer estuvieron presentes en el taller Artesanas de Pangal del Laja para entregar materiales esenciales y brindar&#46;&#46;&#46;<\/p>\n","protected":false},"author":2,"featured_media":31121,"comment_status":"closed","ping_status":"closed","sticky":false,"template":"","format":"standard","meta":{"footnotes":""},"categories":[1],"tags":[1115,162,2909,8,6,117],"class_list":["post-31120","post","type-post","status-publish","format-standard","has-post-thumbnail","hentry","category-noticias","tag-noticias","tag-pangal-del-laja","tag-taller","tag-yungay","tag-yungayino","tag-yungayinocl"],"_links":{"self":[{"href":"https:\/\/www.yungayino.cl\/noticias\/index.php?rest_route=\/wp\/v2\/posts\/31120","targetHints":{"allow":["GET"]}}],"collection":[{"href":"https:\/\/www.yungayino.cl\/noticias\/index.php?rest_route=\/wp\/v2\/posts"}],"about":[{"href":"https:\/\/www.yungayino.cl\/noticias\/index.php?rest_route=\/wp\/v2\/types\/post"}],"author":[{"embeddable":true,"href":"https:\/\/www.yungayino.cl\/noticias\/index.php?rest_route=\/wp\/v2\/users\/2"}],"replies":[{"embeddable":true,"href":"https:\/\/www.yungayino.cl\/noticias\/index.php?rest_route=%2Fwp%2Fv2%2Fcomments&post=31120"}],"version-history":[{"count":3,"href":"https:\/\/www.yungayino.cl\/noticias\/index.php?rest_route=\/wp\/v2\/posts\/31120\/revisions"}],"predecessor-version":[{"id":31124,"href":"https:\/\/www.yungayino.cl\/noticias\/index.php?rest_route=\/wp\/v2\/posts\/31120\/revisions\/31124"}],"wp:featuredmedia":[{"embeddable":true,"href":"https:\/\/www.yungayino.cl\/noticias\/index.php?rest_route=\/wp\/v2\/media\/31121"}],"wp:attachment":[{"href":"https:\/\/www.yungayino.cl\/noticias\/index.php?rest_route=%2Fwp%2Fv2%2Fmedia&parent=31120"}],"wp:term":[{"taxonomy":"category","embeddable":true,"href":"https:\/\/www.yungayino.cl\/noticias\/index.php?rest_route=%2Fwp%2Fv2%2Fcategories&post=31120"},{"taxonomy":"post_tag","embeddable":true,"href":"https:\/\/www.yungayino.cl\/noticias\/index.php?rest_route=%2Fwp%2Fv2%2Ftags&post=31120"}],"curies":[{"name":"wp","href":"https:\/\/api.w.org\/{rel}","templated":true}]}}