{"id":31172,"date":"2024-07-02T07:00:37","date_gmt":"2024-07-02T10:00:37","guid":{"rendered":"https:\/\/www.yungayino.cl\/noticias\/?p=31172"},"modified":"2024-07-02T20:38:21","modified_gmt":"2024-07-02T23:38:21","slug":"frontel-entrega-reconocimiento-a-bomberos-de-yungay-en-su-dia","status":"publish","type":"post","link":"https:\/\/www.yungayino.cl\/noticias\/?p=31172","title":{"rendered":"Frontel Entrega Reconocimiento A Bomberos De Yungay En Su D\u00eda"},"content":{"rendered":"<p><img loading=\"lazy\" decoding=\"async\" class=\"alignnone wp-image-31174 size-full\" src=\"https:\/\/www.yungayino.cl\/noticias\/wp-content\/uploads\/2024\/07\/Bomberos-Yungay-1.jpg\" alt=\"\" width=\"700\" height=\"394\" srcset=\"https:\/\/www.yungayino.cl\/noticias\/wp-content\/uploads\/2024\/07\/Bomberos-Yungay-1.jpg 700w, https:\/\/www.yungayino.cl\/noticias\/wp-content\/uploads\/2024\/07\/Bomberos-Yungay-1-300x169.jpg 300w\" sizes=\"auto, (max-width: 700px) 100vw, 700px\" \/><\/p>\n<p style=\"text-align: justify;\">Yungay, julio 2024:<\/p>\n<p style=\"text-align: justify;\">El D\u00eda del Bombero se celebra cada 30 de junio en todo el pa\u00eds<\/p>\n<p style=\"text-align: justify;\">Con el prop\u00f3sito de reconocer la noble labor que realizan miles de voluntarios y voluntarias de diferentes compa\u00f1\u00edas, personal de Frontel, entreg\u00f3 un reconocimiento al Superintendente del Cuerpo de Bomberos de Yungay, por la conmemoraci\u00f3n del d\u00eda de la instituci\u00f3n.<\/p>\n<p style=\"text-align: justify;\">El ejecutivo de relacionamiento de Frontel, Omar Delgado, en la instancia se\u00f1al\u00f3 \u201cQuer\u00edamos de alguna forma agradecer el gran trabajo que realizan muchos bomberos que d\u00eda a d\u00eda arriesgan incluso sus vidas por el bienestar y seguridad de la comunidad. Nos encontramos en la comuna de Yungay, pero este acto simb\u00f3lico de reconocimiento lo hacemos extensivo a todos los bomberos de la regi\u00f3n, de quienes sentimos admiraci\u00f3n y mucho orgullo por su labor altruista y gran profesionalismo\u201d.<\/p>\n<p style=\"text-align: justify;\">En la ceremonia destac\u00f3 el trabajo que realizan voluntarios y voluntarias donde su hero\u00edsmo ante las emergencias y su profesionalismo frente a cat\u00e1strofes son admirables \u201cagradecemos la labor que realizan. Lamentablemente no podemos estar en todas las compa\u00f1\u00edas ni comunas, pero desde ac\u00e1, nuestro afectuoso saludo a todos los integrantes de esta gran instituci\u00f3n que cumpli\u00f3 173 a\u00f1os de existencia\u201d, dijo el ejecutivo.<\/p>\n<p style=\"text-align: justify;\">Por su parte, el Superintendente de Bomberos de Yungay, Jos\u00e9 Sep\u00falveda valor\u00f3 el gesto y se\u00f1al\u00f3 \u201cpara nosotros fue una grata sorpresa, agradecemos el reconocimiento que nos hacen, en cuanto a la labor que cumplimos de manera mancomunada para lograr el objetivo que es la seguridad de las personas. Agradecemos el gesto y estamos felices por recibirlos lo que sin duda fortalece los lazos de trabajo\u201d.<\/p>\n<p style=\"text-align: justify;\">Esta simb\u00f3lica actividad que realiz\u00f3 Frontel se enmarca en el D\u00eda del Bombero que se instaur\u00f3 para conmemorar la fundaci\u00f3n del 1\u00b0Cuerpo de Bomberos Voluntarios de Chile, en Valpara\u00edso el 30 de junio de 1851.<\/p>\n<p>&nbsp;<\/p>\n<p><img loading=\"lazy\" decoding=\"async\" class=\"alignnone wp-image-31175 size-full\" src=\"https:\/\/www.yungayino.cl\/noticias\/wp-content\/uploads\/2024\/07\/Bomberos-YUngay-2.jpg\" alt=\"\" width=\"700\" height=\"394\" srcset=\"https:\/\/www.yungayino.cl\/noticias\/wp-content\/uploads\/2024\/07\/Bomberos-YUngay-2.jpg 700w, https:\/\/www.yungayino.cl\/noticias\/wp-content\/uploads\/2024\/07\/Bomberos-YUngay-2-300x169.jpg 300w\" sizes=\"auto, (max-width: 700px) 100vw, 700px\" \/><\/p>\n","protected":false},"excerpt":{"rendered":"<p>Yungay, julio 2024: El D\u00eda del Bombero se celebra cada 30 de junio en todo el pa\u00eds Con el prop\u00f3sito de reconocer la noble labor que realizan miles de voluntarios y voluntarias de diferentes&#46;&#46;&#46;<\/p>\n","protected":false},"author":2,"featured_media":31173,"comment_status":"closed","ping_status":"closed","sticky":false,"template":"","format":"standard","meta":{"footnotes":""},"categories":[1],"tags":[37,3194,1094,1115,8,6,117],"class_list":["post-31172","post","type-post","status-publish","format-standard","has-post-thumbnail","hentry","category-noticias","tag-bomberos","tag-dia-bombero","tag-frontel","tag-noticias","tag-yungay","tag-yungayino","tag-yungayinocl"],"_links":{"self":[{"href":"https:\/\/www.yungayino.cl\/noticias\/index.php?rest_route=\/wp\/v2\/posts\/31172","targetHints":{"allow":["GET"]}}],"collection":[{"href":"https:\/\/www.yungayino.cl\/noticias\/index.php?rest_route=\/wp\/v2\/posts"}],"about":[{"href":"https:\/\/www.yungayino.cl\/noticias\/index.php?rest_route=\/wp\/v2\/types\/post"}],"author":[{"embeddable":true,"href":"https:\/\/www.yungayino.cl\/noticias\/index.php?rest_route=\/wp\/v2\/users\/2"}],"replies":[{"embeddable":true,"href":"https:\/\/www.yungayino.cl\/noticias\/index.php?rest_route=%2Fwp%2Fv2%2Fcomments&post=31172"}],"version-history":[{"count":1,"href":"https:\/\/www.yungayino.cl\/noticias\/index.php?rest_route=\/wp\/v2\/posts\/31172\/revisions"}],"predecessor-version":[{"id":31176,"href":"https:\/\/www.yungayino.cl\/noticias\/index.php?rest_route=\/wp\/v2\/posts\/31172\/revisions\/31176"}],"wp:featuredmedia":[{"embeddable":true,"href":"https:\/\/www.yungayino.cl\/noticias\/index.php?rest_route=\/wp\/v2\/media\/31173"}],"wp:attachment":[{"href":"https:\/\/www.yungayino.cl\/noticias\/index.php?rest_route=%2Fwp%2Fv2%2Fmedia&parent=31172"}],"wp:term":[{"taxonomy":"category","embeddable":true,"href":"https:\/\/www.yungayino.cl\/noticias\/index.php?rest_route=%2Fwp%2Fv2%2Fcategories&post=31172"},{"taxonomy":"post_tag","embeddable":true,"href":"https:\/\/www.yungayino.cl\/noticias\/index.php?rest_route=%2Fwp%2Fv2%2Ftags&post=31172"}],"curies":[{"name":"wp","href":"https:\/\/api.w.org\/{rel}","templated":true}]}}