{"id":31182,"date":"2024-07-06T18:00:20","date_gmt":"2024-07-06T21:00:20","guid":{"rendered":"https:\/\/www.yungayino.cl\/noticias\/?p=31182"},"modified":"2024-07-06T19:12:34","modified_gmt":"2024-07-06T22:12:34","slug":"importante-reunion-entre-carabineros-de-yungay-y-junta-de-vecinos-de-curapaso","status":"publish","type":"post","link":"https:\/\/www.yungayino.cl\/noticias\/?p=31182","title":{"rendered":"Importante Reuni\u00f3n Entre Carabineros de Yungay y Junta de Vecinos de Curapaso"},"content":{"rendered":"<p><img loading=\"lazy\" decoding=\"async\" class=\"alignnone wp-image-31184 size-full\" src=\"https:\/\/www.yungayino.cl\/noticias\/wp-content\/uploads\/2024\/07\/carabineros-2.jpg\" alt=\"\" width=\"700\" height=\"350\" srcset=\"https:\/\/www.yungayino.cl\/noticias\/wp-content\/uploads\/2024\/07\/carabineros-2.jpg 700w, https:\/\/www.yungayino.cl\/noticias\/wp-content\/uploads\/2024\/07\/carabineros-2-300x150.jpg 300w\" sizes=\"auto, (max-width: 700px) 100vw, 700px\" \/><\/p>\n<p style=\"text-align: justify;\">Yungay, julio 2024: El Mayor H\u00e9ctor Gonz\u00e1lez Rozas Comisario de la 4ta. Comisar\u00eda de Yungay, mantuvo reuni\u00f3n con la Junta de Vecinos Curapaso, abarcando la problem\u00e1tica del sector, donde se adquirieron algunos compromisos para la prevenci\u00f3n de delitos, abigeato y levantamiento de informaci\u00f3n por medio de factores de riesgo del sector.<\/p>\n<p>&nbsp;<\/p>\n<p><img loading=\"lazy\" decoding=\"async\" class=\"alignnone wp-image-31183 size-full\" src=\"https:\/\/www.yungayino.cl\/noticias\/wp-content\/uploads\/2024\/07\/carabineros-1.jpg\" alt=\"\" width=\"700\" height=\"525\" srcset=\"https:\/\/www.yungayino.cl\/noticias\/wp-content\/uploads\/2024\/07\/carabineros-1.jpg 700w, https:\/\/www.yungayino.cl\/noticias\/wp-content\/uploads\/2024\/07\/carabineros-1-300x225.jpg 300w\" sizes=\"auto, (max-width: 700px) 100vw, 700px\" \/><\/p>\n","protected":false},"excerpt":{"rendered":"<p>Yungay, julio 2024: El Mayor H\u00e9ctor Gonz\u00e1lez Rozas Comisario de la 4ta. Comisar\u00eda de Yungay, mantuvo reuni\u00f3n con la Junta de Vecinos Curapaso, abarcando la problem\u00e1tica del sector, donde se adquirieron algunos compromisos para&#46;&#46;&#46;<\/p>\n","protected":false},"author":2,"featured_media":31184,"comment_status":"closed","ping_status":"closed","sticky":false,"template":"","format":"standard","meta":{"footnotes":""},"categories":[1],"tags":[25,499,1115,1692,8,6,117],"class_list":["post-31182","post","type-post","status-publish","format-standard","has-post-thumbnail","hentry","category-noticias","tag-carabineros","tag-curapaso","tag-noticias","tag-prevencion","tag-yungay","tag-yungayino","tag-yungayinocl"],"_links":{"self":[{"href":"https:\/\/www.yungayino.cl\/noticias\/index.php?rest_route=\/wp\/v2\/posts\/31182","targetHints":{"allow":["GET"]}}],"collection":[{"href":"https:\/\/www.yungayino.cl\/noticias\/index.php?rest_route=\/wp\/v2\/posts"}],"about":[{"href":"https:\/\/www.yungayino.cl\/noticias\/index.php?rest_route=\/wp\/v2\/types\/post"}],"author":[{"embeddable":true,"href":"https:\/\/www.yungayino.cl\/noticias\/index.php?rest_route=\/wp\/v2\/users\/2"}],"replies":[{"embeddable":true,"href":"https:\/\/www.yungayino.cl\/noticias\/index.php?rest_route=%2Fwp%2Fv2%2Fcomments&post=31182"}],"version-history":[{"count":1,"href":"https:\/\/www.yungayino.cl\/noticias\/index.php?rest_route=\/wp\/v2\/posts\/31182\/revisions"}],"predecessor-version":[{"id":31185,"href":"https:\/\/www.yungayino.cl\/noticias\/index.php?rest_route=\/wp\/v2\/posts\/31182\/revisions\/31185"}],"wp:featuredmedia":[{"embeddable":true,"href":"https:\/\/www.yungayino.cl\/noticias\/index.php?rest_route=\/wp\/v2\/media\/31184"}],"wp:attachment":[{"href":"https:\/\/www.yungayino.cl\/noticias\/index.php?rest_route=%2Fwp%2Fv2%2Fmedia&parent=31182"}],"wp:term":[{"taxonomy":"category","embeddable":true,"href":"https:\/\/www.yungayino.cl\/noticias\/index.php?rest_route=%2Fwp%2Fv2%2Fcategories&post=31182"},{"taxonomy":"post_tag","embeddable":true,"href":"https:\/\/www.yungayino.cl\/noticias\/index.php?rest_route=%2Fwp%2Fv2%2Ftags&post=31182"}],"curies":[{"name":"wp","href":"https:\/\/api.w.org\/{rel}","templated":true}]}}