{"id":31190,"date":"2024-07-07T16:00:10","date_gmt":"2024-07-07T19:00:10","guid":{"rendered":"https:\/\/www.yungayino.cl\/noticias\/?p=31190"},"modified":"2024-07-07T17:08:07","modified_gmt":"2024-07-07T20:08:07","slug":"yungay-adquiere-segunda-camioneta-destinada-a-la-oficina-de-seguridad-e-inspeccion-ciudadana","status":"publish","type":"post","link":"https:\/\/www.yungayino.cl\/noticias\/?p=31190","title":{"rendered":"Yungay Adquiere Segunda Camioneta Destinada a la Oficina de Seguridad e Inspecci\u00f3n Ciudadana"},"content":{"rendered":"<p><img loading=\"lazy\" decoding=\"async\" class=\"alignnone wp-image-31191 size-full\" src=\"https:\/\/www.yungayino.cl\/noticias\/wp-content\/uploads\/2024\/07\/portada.jpg\" alt=\"\" width=\"700\" height=\"350\" srcset=\"https:\/\/www.yungayino.cl\/noticias\/wp-content\/uploads\/2024\/07\/portada.jpg 700w, https:\/\/www.yungayino.cl\/noticias\/wp-content\/uploads\/2024\/07\/portada-300x150.jpg 300w\" sizes=\"auto, (max-width: 700px) 100vw, 700px\" \/><\/p>\n<p style=\"text-align: justify;\">Yungay, julio 2024: Se realiz\u00f3 la ceremonia de entrega y posterior inauguraci\u00f3n de la segunda camioneta destinada a la oficina de Seguridad e Inspecci\u00f3n Ciudadana financiada a trav\u00e9s de un convenio entre la Subsecretar\u00eda de Prevenci\u00f3n del Delito y la Municipalidad de Yungay, alcanzando una suma de $38 millones de pesos.<\/p>\n<p style=\"text-align: justify;\">La instancia convoc\u00f3 al alcalde Rafael Cifuentes Rodr\u00edguez junto al Coordinador Regional de la Subsecretar\u00eda del Delito, Jorge Mu\u00f1oz \u00c1lvarez, el Concejo Municipal, el coordinador de Patrullaje Preventivo OS-14, Suboficial Mayor V\u00edctor Aguilera, al comisario de la Cuarta Comisar\u00eda de Carabineros de Yungay, Mayor sr. H\u00e9ctor Gonz\u00e1lez Rozas y representantes de la sociedad civil.<\/p>\n<p style=\"text-align: justify;\">La camioneta marca Ford destinada al Patrullaje Preventivo se encuentra totalmente equipada con baliza, radio, c\u00e1mara, alarma, meg\u00e1fono e iluminaci\u00f3n. Este veh\u00edculo no solo busca reducir la percepci\u00f3n de inseguridad entre la poblaci\u00f3n, sino tambi\u00e9n las oportunidades que facilitan la comisi\u00f3n de delitos, incrementando el esfuerzo y control social de la comunidad.<\/p>\n<p style=\"text-align: justify;\">\u00abLa seguridad de nuestros yungayinos y yungayinas es una de nuestras principales prioridades, continuaremos gestionando distintas iniciativas que permitan que toda nuestra comunidad se sienta m\u00e1s seguros, protegidos y valorados\u00bb manifest\u00f3 la primera autoridad comunal.<\/p>\n<p>&nbsp;<\/p>\n<p style=\"text-align: center;\"><strong>FOTOGRAF\u00cdAS:<\/strong><\/p>\n<p style=\"text-align: center;\"><iframe loading=\"lazy\" style=\"border: none; overflow: hidden;\" src=\"https:\/\/www.facebook.com\/plugins\/post.php?href=https%3A%2F%2Fwww.facebook.com%2Fyungayino.cl%2Fposts%2Fpfbid02yBn9eoVrfaAzRQK8GxCSyxpM2crF1Q4iQ8XDV7ReviR3jhRGt2JiEGkg88ArLpqFl&amp;show_text=true&amp;width=500\" width=\"500\" height=\"844\" frameborder=\"0\" scrolling=\"no\" allowfullscreen=\"allowfullscreen\"><\/iframe><\/p>\n","protected":false},"excerpt":{"rendered":"<p>Yungay, julio 2024: Se realiz\u00f3 la ceremonia de entrega y posterior inauguraci\u00f3n de la segunda camioneta destinada a la oficina de Seguridad e Inspecci\u00f3n Ciudadana financiada a trav\u00e9s de un convenio entre la Subsecretar\u00eda&#46;&#46;&#46;<\/p>\n","protected":false},"author":2,"featured_media":31191,"comment_status":"closed","ping_status":"closed","sticky":false,"template":"","format":"standard","meta":{"footnotes":""},"categories":[1,32],"tags":[787,25,1115,686,8,6,117],"class_list":["post-31190","post","type-post","status-publish","format-standard","has-post-thumbnail","hentry","category-noticias","category-servicios","tag-camioneta","tag-carabineros","tag-noticias","tag-seguridad","tag-yungay","tag-yungayino","tag-yungayinocl"],"_links":{"self":[{"href":"https:\/\/www.yungayino.cl\/noticias\/index.php?rest_route=\/wp\/v2\/posts\/31190","targetHints":{"allow":["GET"]}}],"collection":[{"href":"https:\/\/www.yungayino.cl\/noticias\/index.php?rest_route=\/wp\/v2\/posts"}],"about":[{"href":"https:\/\/www.yungayino.cl\/noticias\/index.php?rest_route=\/wp\/v2\/types\/post"}],"author":[{"embeddable":true,"href":"https:\/\/www.yungayino.cl\/noticias\/index.php?rest_route=\/wp\/v2\/users\/2"}],"replies":[{"embeddable":true,"href":"https:\/\/www.yungayino.cl\/noticias\/index.php?rest_route=%2Fwp%2Fv2%2Fcomments&post=31190"}],"version-history":[{"count":2,"href":"https:\/\/www.yungayino.cl\/noticias\/index.php?rest_route=\/wp\/v2\/posts\/31190\/revisions"}],"predecessor-version":[{"id":31193,"href":"https:\/\/www.yungayino.cl\/noticias\/index.php?rest_route=\/wp\/v2\/posts\/31190\/revisions\/31193"}],"wp:featuredmedia":[{"embeddable":true,"href":"https:\/\/www.yungayino.cl\/noticias\/index.php?rest_route=\/wp\/v2\/media\/31191"}],"wp:attachment":[{"href":"https:\/\/www.yungayino.cl\/noticias\/index.php?rest_route=%2Fwp%2Fv2%2Fmedia&parent=31190"}],"wp:term":[{"taxonomy":"category","embeddable":true,"href":"https:\/\/www.yungayino.cl\/noticias\/index.php?rest_route=%2Fwp%2Fv2%2Fcategories&post=31190"},{"taxonomy":"post_tag","embeddable":true,"href":"https:\/\/www.yungayino.cl\/noticias\/index.php?rest_route=%2Fwp%2Fv2%2Ftags&post=31190"}],"curies":[{"name":"wp","href":"https:\/\/api.w.org\/{rel}","templated":true}]}}