{"id":31203,"date":"2024-07-09T08:00:49","date_gmt":"2024-07-09T11:00:49","guid":{"rendered":"https:\/\/www.yungayino.cl\/noticias\/?p=31203"},"modified":"2024-07-07T17:16:09","modified_gmt":"2024-07-07T20:16:09","slug":"olimpiadas-activate-en-vacaciones-de-invierno","status":"publish","type":"post","link":"https:\/\/www.yungayino.cl\/noticias\/?p=31203","title":{"rendered":"Olimpiadas Act\u00edvate en Vacaciones de Invierno"},"content":{"rendered":"<p><img loading=\"lazy\" decoding=\"async\" class=\"alignnone wp-image-31204 size-full\" src=\"https:\/\/www.yungayino.cl\/noticias\/wp-content\/uploads\/2024\/07\/1-2.jpg\" alt=\"\" width=\"700\" height=\"350\" srcset=\"https:\/\/www.yungayino.cl\/noticias\/wp-content\/uploads\/2024\/07\/1-2.jpg 700w, https:\/\/www.yungayino.cl\/noticias\/wp-content\/uploads\/2024\/07\/1-2-300x150.jpg 300w\" sizes=\"auto, (max-width: 700px) 100vw, 700px\" \/><\/p>\n<p style=\"text-align: justify;\">Yungay, julio 2024: El alcalde Rafael Cifuentes Rodr\u00edguez lleg\u00f3 hasta el Polideportivo Municipal para acompa\u00f1ar a los ni\u00f1os y ni\u00f1as en la jornada final del programa Act\u00edvate en Vacaciones de Invierno.<\/p>\n<p style=\"text-align: justify;\">Durante 10 d\u00edas los peque\u00f1os participaron de esta iniciativa organizada por la Municipalidad de Yungay en conjunto con Junaeb, realizando diversas actividades y talleres recreativos. Finalizaron esta bonita experiencia riendo y disfrutando de diversas actividades deportivas y recreativas.<\/p>\n<p style=\"text-align: justify;\">El programa \u201cAct\u00edvate en Vacaciones\u201d permite a ni\u00f1os y ni\u00f1as, acceder a actividades durante vacaciones escolares, convirti\u00e9ndose en un espacio seguro de recreaci\u00f3n, promoci\u00f3n y fortalecimiento de h\u00e1bitos de vida activa y saludable.<\/p>\n<p style=\"text-align: justify;\">Gracias a este programa, los peque\u00f1os yungayinos y yungayinas accedieron a talleres recreativos, culturales y entretenidas salidas durante sus vacaciones de invierno, como lo fue la salida al cine.<\/p>\n<p style=\"text-align: justify;\">\u00abEstas iniciativas nos llenan de energ\u00eda, los peque\u00f1os y peque\u00f1as disfrutaron de estos talleres, hicieron nuevos amigos, aprendieron y rieron. Agradecemos el apoyo de Junaeb y como municipio estamos comprometidos con fomentar este tipo de iniciativas para que nuestros j\u00f3venes desarrollen un crecimiento activo y saludable\u00bb coment\u00f3 el alcalde Rafael Cifuentes.<\/p>\n<p>&nbsp;<\/p>\n<p><img loading=\"lazy\" decoding=\"async\" class=\"alignnone wp-image-31207 size-full\" src=\"https:\/\/www.yungayino.cl\/noticias\/wp-content\/uploads\/2024\/07\/4-1.jpg\" alt=\"\" width=\"700\" height=\"467\" srcset=\"https:\/\/www.yungayino.cl\/noticias\/wp-content\/uploads\/2024\/07\/4-1.jpg 700w, https:\/\/www.yungayino.cl\/noticias\/wp-content\/uploads\/2024\/07\/4-1-300x200.jpg 300w\" sizes=\"auto, (max-width: 700px) 100vw, 700px\" \/><\/p>\n<p><img loading=\"lazy\" decoding=\"async\" class=\"alignnone wp-image-31206 size-full\" src=\"https:\/\/www.yungayino.cl\/noticias\/wp-content\/uploads\/2024\/07\/3-1.jpg\" alt=\"\" width=\"700\" height=\"467\" srcset=\"https:\/\/www.yungayino.cl\/noticias\/wp-content\/uploads\/2024\/07\/3-1.jpg 700w, https:\/\/www.yungayino.cl\/noticias\/wp-content\/uploads\/2024\/07\/3-1-300x200.jpg 300w\" sizes=\"auto, (max-width: 700px) 100vw, 700px\" \/><\/p>\n<p><img loading=\"lazy\" decoding=\"async\" class=\"alignnone wp-image-31205 size-full\" src=\"https:\/\/www.yungayino.cl\/noticias\/wp-content\/uploads\/2024\/07\/2-2.jpg\" alt=\"\" width=\"700\" height=\"467\" srcset=\"https:\/\/www.yungayino.cl\/noticias\/wp-content\/uploads\/2024\/07\/2-2.jpg 700w, https:\/\/www.yungayino.cl\/noticias\/wp-content\/uploads\/2024\/07\/2-2-300x200.jpg 300w\" sizes=\"auto, (max-width: 700px) 100vw, 700px\" \/><\/p>\n","protected":false},"excerpt":{"rendered":"<p>Yungay, julio 2024: El alcalde Rafael Cifuentes Rodr\u00edguez lleg\u00f3 hasta el Polideportivo Municipal para acompa\u00f1ar a los ni\u00f1os y ni\u00f1as en la jornada final del programa Act\u00edvate en Vacaciones de Invierno. Durante 10 d\u00edas&#46;&#46;&#46;<\/p>\n","protected":false},"author":2,"featured_media":31204,"comment_status":"closed","ping_status":"closed","sticky":false,"template":"","format":"standard","meta":{"footnotes":""},"categories":[1],"tags":[502,1115,519,716,8,6,117],"class_list":["post-31203","post","type-post","status-publish","format-standard","has-post-thumbnail","hentry","category-noticias","tag-junaeb","tag-noticias","tag-olimpiadas","tag-vacaciones-invierno","tag-yungay","tag-yungayino","tag-yungayinocl"],"_links":{"self":[{"href":"https:\/\/www.yungayino.cl\/noticias\/index.php?rest_route=\/wp\/v2\/posts\/31203","targetHints":{"allow":["GET"]}}],"collection":[{"href":"https:\/\/www.yungayino.cl\/noticias\/index.php?rest_route=\/wp\/v2\/posts"}],"about":[{"href":"https:\/\/www.yungayino.cl\/noticias\/index.php?rest_route=\/wp\/v2\/types\/post"}],"author":[{"embeddable":true,"href":"https:\/\/www.yungayino.cl\/noticias\/index.php?rest_route=\/wp\/v2\/users\/2"}],"replies":[{"embeddable":true,"href":"https:\/\/www.yungayino.cl\/noticias\/index.php?rest_route=%2Fwp%2Fv2%2Fcomments&post=31203"}],"version-history":[{"count":1,"href":"https:\/\/www.yungayino.cl\/noticias\/index.php?rest_route=\/wp\/v2\/posts\/31203\/revisions"}],"predecessor-version":[{"id":31208,"href":"https:\/\/www.yungayino.cl\/noticias\/index.php?rest_route=\/wp\/v2\/posts\/31203\/revisions\/31208"}],"wp:featuredmedia":[{"embeddable":true,"href":"https:\/\/www.yungayino.cl\/noticias\/index.php?rest_route=\/wp\/v2\/media\/31204"}],"wp:attachment":[{"href":"https:\/\/www.yungayino.cl\/noticias\/index.php?rest_route=%2Fwp%2Fv2%2Fmedia&parent=31203"}],"wp:term":[{"taxonomy":"category","embeddable":true,"href":"https:\/\/www.yungayino.cl\/noticias\/index.php?rest_route=%2Fwp%2Fv2%2Fcategories&post=31203"},{"taxonomy":"post_tag","embeddable":true,"href":"https:\/\/www.yungayino.cl\/noticias\/index.php?rest_route=%2Fwp%2Fv2%2Ftags&post=31203"}],"curies":[{"name":"wp","href":"https:\/\/api.w.org\/{rel}","templated":true}]}}