{"id":31209,"date":"2024-07-10T07:00:43","date_gmt":"2024-07-10T10:00:43","guid":{"rendered":"https:\/\/www.yungayino.cl\/noticias\/?p=31209"},"modified":"2024-07-07T17:18:42","modified_gmt":"2024-07-07T20:18:42","slug":"segegob-llama-a-responder-consulta-ciudadana-de-senda-en-el-marco-del-mes-de-la-prevencion","status":"publish","type":"post","link":"https:\/\/www.yungayino.cl\/noticias\/?p=31209","title":{"rendered":"SEGEGOB Llama A Responder Consulta Ciudadana De Senda En El Marco Del Mes De La Prevenci\u00f3n"},"content":{"rendered":"<p><img loading=\"lazy\" decoding=\"async\" class=\"alignnone wp-image-31211 size-full\" src=\"https:\/\/www.yungayino.cl\/noticias\/wp-content\/uploads\/2024\/07\/POST-8.jpg\" alt=\"\" width=\"700\" height=\"700\" srcset=\"https:\/\/www.yungayino.cl\/noticias\/wp-content\/uploads\/2024\/07\/POST-8.jpg 700w, https:\/\/www.yungayino.cl\/noticias\/wp-content\/uploads\/2024\/07\/POST-8-300x300.jpg 300w, https:\/\/www.yungayino.cl\/noticias\/wp-content\/uploads\/2024\/07\/POST-8-150x150.jpg 150w, https:\/\/www.yungayino.cl\/noticias\/wp-content\/uploads\/2024\/07\/POST-8-80x80.jpg 80w, https:\/\/www.yungayino.cl\/noticias\/wp-content\/uploads\/2024\/07\/POST-8-320x320.jpg 320w\" sizes=\"auto, (max-width: 700px) 100vw, 700px\" \/><\/p>\n<p style=\"text-align: justify;\">Nacional, julio 2024: Bajo el eslogan <strong>\u201cM\u00e1s comunidad, m\u00e1s prevenci\u00f3n\u201d<\/strong>, desde Senda buscan que las personas participen de la consulta ciudadana tras lo que fue el mes de la Prevenci\u00f3n del consumo de drogas.<\/p>\n<p style=\"text-align: justify;\">El Servicio Nacional para la Prevenci\u00f3n y Rehabilitaci\u00f3n del consumo de Drogas y Alcohol (SENDA) impulsa una <strong>consulta ciudadana disponible hasta el 12 de julio<\/strong>, con el prop\u00f3sito de visibilizar la importancia a construir culturas preventivas. Seremi de Gobierno, Valentina Pradenas, llam\u00f3 a que la ciudadan\u00eda participe.<\/p>\n<p style=\"text-align: justify;\">El objetivo de la consulta es conocer el grado de participaci\u00f3n de la ciudadan\u00eda en actividades relacionadas con la prevenci\u00f3n del consumo de alcohol y otras drogas, y sus opiniones en relaci\u00f3n con este fen\u00f3meno. Esto es importante para identificar las fortalezas y \u00e1reas de mejora en las estrategias comunitarias.<\/p>\n<p style=\"text-align: justify;\">\u201cEsta consulta es muy importantes para visibilizar y construir una cultura y columna preventiva para la sociedad en lo que respecta a drogas y alcohol. Como gobierno y tal cual nos ha mandatado el Presidente Gabriel Boric, tenemos la misi\u00f3n de potenciar el sistema integral preventivo, tratamiento e integraci\u00f3n social\u201d, expres\u00f3 la Seremi de Gobierno de \u00d1uble, Valentina Pradenas Andrade.<\/p>\n<p style=\"text-align: justify;\">La conmemoraci\u00f3n de este a\u00f1o coincide con la reciente presentaci\u00f3n a nivel nacional del Plan de Acci\u00f3n 2024-2030 de la estrategia Nacional de Drogas, la que tiene como prop\u00f3sito potenciar el sistema integral de prevenci\u00f3n, convocando a esta tarea a la sociedad en su conjunto desde un enfoque de corresponsabilidad, resaltando el compromiso comunitario en la construcci\u00f3n de entornos protectores con especial foco en ni\u00f1os, ni\u00f1as y adolescentes.<\/p>\n<p style=\"text-align: justify;\">Por su parte, la Directora Regional de Senda \u00d1uble, Luisa Contreras, realiz\u00f3 un llamado a la participaci\u00f3n: \u201cInvitamos a la comunidad a responder este instrumento que nos permitir\u00e1 conocer la realidad de los territorios respecto a c\u00f3mo visualizan la prevenci\u00f3n del consumo de alcohol y otras drogas. Con ello apuntamos a mejorar la gesti\u00f3n en los espacios donde est\u00e1 este problema\u201d.<\/p>\n<p style=\"text-align: justify;\">Para participar en la consulta, las personas deben ingresar al sitio web de SENDA y completar el formulario que estar\u00e1 disponible hasta el 12 de julio de 2024. La informaci\u00f3n recopilada ser\u00e1 utilizada para identificar acciones y \u00e1reas de mejora en las estrategias de prevenci\u00f3n del consumo de alcohol y otras drogas a nivel comunitario.<\/p>\n","protected":false},"excerpt":{"rendered":"<p>Nacional, julio 2024: Bajo el eslogan \u201cM\u00e1s comunidad, m\u00e1s prevenci\u00f3n\u201d, desde Senda buscan que las personas participen de la consulta ciudadana tras lo que fue el mes de la Prevenci\u00f3n del consumo de drogas.&#46;&#46;&#46;<\/p>\n","protected":false},"author":2,"featured_media":31210,"comment_status":"closed","ping_status":"closed","sticky":false,"template":"","format":"standard","meta":{"footnotes":""},"categories":[1],"tags":[3197,1115,1692,2787,1974,8,6,117],"class_list":["post-31209","post","type-post","status-publish","format-standard","has-post-thumbnail","hentry","category-noticias","tag-encuesta","tag-noticias","tag-prevencion","tag-segegob","tag-senda","tag-yungay","tag-yungayino","tag-yungayinocl"],"_links":{"self":[{"href":"https:\/\/www.yungayino.cl\/noticias\/index.php?rest_route=\/wp\/v2\/posts\/31209","targetHints":{"allow":["GET"]}}],"collection":[{"href":"https:\/\/www.yungayino.cl\/noticias\/index.php?rest_route=\/wp\/v2\/posts"}],"about":[{"href":"https:\/\/www.yungayino.cl\/noticias\/index.php?rest_route=\/wp\/v2\/types\/post"}],"author":[{"embeddable":true,"href":"https:\/\/www.yungayino.cl\/noticias\/index.php?rest_route=\/wp\/v2\/users\/2"}],"replies":[{"embeddable":true,"href":"https:\/\/www.yungayino.cl\/noticias\/index.php?rest_route=%2Fwp%2Fv2%2Fcomments&post=31209"}],"version-history":[{"count":1,"href":"https:\/\/www.yungayino.cl\/noticias\/index.php?rest_route=\/wp\/v2\/posts\/31209\/revisions"}],"predecessor-version":[{"id":31212,"href":"https:\/\/www.yungayino.cl\/noticias\/index.php?rest_route=\/wp\/v2\/posts\/31209\/revisions\/31212"}],"wp:featuredmedia":[{"embeddable":true,"href":"https:\/\/www.yungayino.cl\/noticias\/index.php?rest_route=\/wp\/v2\/media\/31210"}],"wp:attachment":[{"href":"https:\/\/www.yungayino.cl\/noticias\/index.php?rest_route=%2Fwp%2Fv2%2Fmedia&parent=31209"}],"wp:term":[{"taxonomy":"category","embeddable":true,"href":"https:\/\/www.yungayino.cl\/noticias\/index.php?rest_route=%2Fwp%2Fv2%2Fcategories&post=31209"},{"taxonomy":"post_tag","embeddable":true,"href":"https:\/\/www.yungayino.cl\/noticias\/index.php?rest_route=%2Fwp%2Fv2%2Ftags&post=31209"}],"curies":[{"name":"wp","href":"https:\/\/api.w.org\/{rel}","templated":true}]}}