{"id":31213,"date":"2024-07-11T07:00:56","date_gmt":"2024-07-11T10:00:56","guid":{"rendered":"https:\/\/www.yungayino.cl\/noticias\/?p=31213"},"modified":"2024-07-07T17:21:02","modified_gmt":"2024-07-07T20:21:02","slug":"nuble-lidera-consulta-ciudadana-sobre-juventudes-rurales","status":"publish","type":"post","link":"https:\/\/www.yungayino.cl\/noticias\/?p=31213","title":{"rendered":"\u00d1uble Lidera Consulta Ciudadana Sobre Juventudes Rurales"},"content":{"rendered":"<p><img loading=\"lazy\" decoding=\"async\" class=\"alignnone wp-image-31214 size-full\" src=\"https:\/\/www.yungayino.cl\/noticias\/wp-content\/uploads\/2024\/07\/jovenes-nuble.jpg\" alt=\"\" width=\"700\" height=\"350\" srcset=\"https:\/\/www.yungayino.cl\/noticias\/wp-content\/uploads\/2024\/07\/jovenes-nuble.jpg 700w, https:\/\/www.yungayino.cl\/noticias\/wp-content\/uploads\/2024\/07\/jovenes-nuble-300x150.jpg 300w\" sizes=\"auto, (max-width: 700px) 100vw, 700px\" \/><\/p>\n<p style=\"text-align: justify;\">\u00d1uble, julio 2024: Encuesta busca recoger el estado actual de los j\u00f3venes en las zonas rurales, sus principales problem\u00e1tica y proyecciones. Consulta estar\u00e1 disponible hasta el 15 de julio en <a href=\"https:\/\/www.indap.gob.cl\/\"><strong>https:\/\/www.indap.gob.cl\/<\/strong><\/a><\/p>\n<p style=\"text-align: justify;\">J\u00f3venes de 18 a 40 a\u00f1os son el p\u00fablico objetivo de la Consulta Ciudadana para la construcci\u00f3n de una Pol\u00edtica Nacional de Juventudes Rurales. Oportunidades laborales, acceso a servicios b\u00e1sicos y espacios de participaci\u00f3n se vislumbran dentro de las principales preocupaciones de este grupo etario que, de acuerdo con la 10\u00b0 Encuesta Nacional de Juventudes ha disminuido de un 12.1% en 2003 a un 9.2% en 2022 a nivel nacional. \u201cSabemos que la poblaci\u00f3n del pa\u00eds est\u00e1 envejeciendo y en el campo, esto se observa con m\u00e1s fuerza a\u00fan. Para el desarrollo del mundo rural es fundamental la mirada creativa que hacen los j\u00f3venes antes los desaf\u00edos y oportunidades que marcan el futuro del mundo campesino de nuestro pa\u00eds. Hoy, son conscientes de la realidad que enfrentamos: el envejecimiento de la poblaci\u00f3n productiva, la urgente necesidad de adaptarnos al cambio clim\u00e1tico y la imperiosa demanda de sistemas productivos sostenibles ecol\u00f3gica, econ\u00f3mica, social y ambientalmente\u201d, explica la directora regional de Indap, Fernanda Az\u00f3car Rodr\u00edguez.<\/p>\n<p style=\"text-align: justify;\">Hasta ahora, \u00d1uble lidera la participaci\u00f3n en la encuesta, con un 20 % del total nacional; sin embargo, refuerzan que es fundamental aumentar la participaci\u00f3n. \u201cNuestra regi\u00f3n de \u00d1uble, una de las m\u00e1s pobres y con mayor ruralidad del pa\u00eds (30%), se ver\u00e1 significativamente impactada por estas pol\u00edticas, contribuyendo directamente al desarrollo rural. Es esencial que apoyemos a nuestros agricultores j\u00f3venes, brind\u00e1ndoles m\u00e1s oportunidades para crecer en el campo de manera sostenible. Hago un llamado a los j\u00f3venes de nuestra regi\u00f3n a contestar esta consulta ciudadana para llevar nuestras problem\u00e1ticas a las autoridades y buscar soluciones en conjunto\u201d, destaca H\u00e9ctor Palomino, joven usuario de Indap en la Regi\u00f3n de \u00d1uble y que integra la Mesa Nacional de Juventudes Rurales.<\/p>\n<p style=\"text-align: justify;\">La Consulta Ciudadana Digital estar\u00e1 disponible hasta el 15 de julio y se puede participar ingresando a la p\u00e1gina web de INDAP: <a href=\"http:\/\/www.indap.gob.cl\">www.indap.gob.cl<\/a>.<\/p>\n<p style=\"text-align: justify;\">Pol\u00edtica Nacional<\/p>\n<p style=\"text-align: justify;\">El 25 de octubre de 2023, el presidente Gabriel Boric comprometi\u00f3 al INDAP para liderar la elaboraci\u00f3n de una Pol\u00edtica Nacional de Juventudes Rurales. Para ello, se han realizado encuentros locales, regionales y nacionales en los cuales los j\u00f3venes rurales de la regi\u00f3n de \u00d1uble identificaron temas prioritarios que reflejan sus necesidades y aspiraciones en aspectos de su vida y trabajo en el campo.<\/p>\n<p style=\"text-align: justify;\">Estos temas se centran en cuatro ejes principales: formaci\u00f3n y capacitaci\u00f3n, conectividad, fomento productivo y comercializaci\u00f3n, y acceso a la informaci\u00f3n, los que reflejan la importancia que los j\u00f3venes otorgan a la educaci\u00f3n y desarrollo de habilidades, la necesidad de estar conectados y acceder a herramientas tecnol\u00f3gicas, el impulso a sus emprendimientos y la b\u00fasqueda de oportunidades comerciales, as\u00ed como la importancia de contar con informaci\u00f3n relevante y actualizada para la toma de decisiones informadas.<\/p>\n<p style=\"text-align: justify;\">Fomento para J\u00f3venes Rurales<\/p>\n<p style=\"text-align: justify;\">Para fomentar la participaci\u00f3n de las y los j\u00f3venes rurales en el desarrollo productivo silvoagropecuario, INDAP ha implementado programas dirigidos a este segmento etario, que tambi\u00e9n ha ampliado su cobertura cubriendo desde los 18 a los 40 a\u00f1os (hasta 2023 era hasta los 35). La oferta incluye el programa piloto Mi Primer Negocio Rural, con cobertura inicial en las regiones de Coquimbo y Los R\u00edos y un presupuesto para este a\u00f1o de $1.000 millones; y el PDI de j\u00f3venes sustentables con un presupuesto para ejecuci\u00f3n 2024 de $700 millones a nivel nacional.<\/p>\n<p style=\"text-align: justify;\">El objetivo de esta pol\u00edtica es promover el desarrollo de capacidades, nuevas oportunidades, mejora de calidad de vida y transformaci\u00f3n econ\u00f3mica, social, cultural e institucional de las juventudes rurales.<\/p>\n","protected":false},"excerpt":{"rendered":"<p>\u00d1uble, julio 2024: Encuesta busca recoger el estado actual de los j\u00f3venes en las zonas rurales, sus principales problem\u00e1tica y proyecciones. Consulta estar\u00e1 disponible hasta el 15 de julio en https:\/\/www.indap.gob.cl\/ J\u00f3venes de 18&#46;&#46;&#46;<\/p>\n","protected":false},"author":2,"featured_media":31214,"comment_status":"closed","ping_status":"closed","sticky":false,"template":"","format":"standard","meta":{"footnotes":""},"categories":[1],"tags":[3197,140,2050,1115,1678,8,6,117],"class_list":["post-31213","post","type-post","status-publish","format-standard","has-post-thumbnail","hentry","category-noticias","tag-encuesta","tag-indap","tag-jovenes","tag-noticias","tag-nuble","tag-yungay","tag-yungayino","tag-yungayinocl"],"_links":{"self":[{"href":"https:\/\/www.yungayino.cl\/noticias\/index.php?rest_route=\/wp\/v2\/posts\/31213","targetHints":{"allow":["GET"]}}],"collection":[{"href":"https:\/\/www.yungayino.cl\/noticias\/index.php?rest_route=\/wp\/v2\/posts"}],"about":[{"href":"https:\/\/www.yungayino.cl\/noticias\/index.php?rest_route=\/wp\/v2\/types\/post"}],"author":[{"embeddable":true,"href":"https:\/\/www.yungayino.cl\/noticias\/index.php?rest_route=\/wp\/v2\/users\/2"}],"replies":[{"embeddable":true,"href":"https:\/\/www.yungayino.cl\/noticias\/index.php?rest_route=%2Fwp%2Fv2%2Fcomments&post=31213"}],"version-history":[{"count":3,"href":"https:\/\/www.yungayino.cl\/noticias\/index.php?rest_route=\/wp\/v2\/posts\/31213\/revisions"}],"predecessor-version":[{"id":31217,"href":"https:\/\/www.yungayino.cl\/noticias\/index.php?rest_route=\/wp\/v2\/posts\/31213\/revisions\/31217"}],"wp:featuredmedia":[{"embeddable":true,"href":"https:\/\/www.yungayino.cl\/noticias\/index.php?rest_route=\/wp\/v2\/media\/31214"}],"wp:attachment":[{"href":"https:\/\/www.yungayino.cl\/noticias\/index.php?rest_route=%2Fwp%2Fv2%2Fmedia&parent=31213"}],"wp:term":[{"taxonomy":"category","embeddable":true,"href":"https:\/\/www.yungayino.cl\/noticias\/index.php?rest_route=%2Fwp%2Fv2%2Fcategories&post=31213"},{"taxonomy":"post_tag","embeddable":true,"href":"https:\/\/www.yungayino.cl\/noticias\/index.php?rest_route=%2Fwp%2Fv2%2Ftags&post=31213"}],"curies":[{"name":"wp","href":"https:\/\/api.w.org\/{rel}","templated":true}]}}