{"id":31233,"date":"2024-07-22T07:00:00","date_gmt":"2024-07-22T10:00:00","guid":{"rendered":"https:\/\/www.yungayino.cl\/noticias\/?p=31233"},"modified":"2024-07-07T17:34:37","modified_gmt":"2024-07-07T20:34:37","slug":"disponen-de-3-mil-millones-para-proyectos-de-innovacion-a-traves-del-fondo-regional-para-la-productividad-y-el-desarrollo","status":"publish","type":"post","link":"https:\/\/www.yungayino.cl\/noticias\/?p=31233","title":{"rendered":"Disponen De $3 Mil Millones Para Proyectos De Innovaci\u00f3n A Trav\u00e9s Del Fondo Regional Para La Productividad Y El Desarrollo"},"content":{"rendered":"<p><img loading=\"lazy\" decoding=\"async\" class=\"alignnone wp-image-31234 size-full\" src=\"https:\/\/www.yungayino.cl\/noticias\/wp-content\/uploads\/2024\/07\/nuble-postular.jpg\" alt=\"\" width=\"700\" height=\"350\" srcset=\"https:\/\/www.yungayino.cl\/noticias\/wp-content\/uploads\/2024\/07\/nuble-postular.jpg 700w, https:\/\/www.yungayino.cl\/noticias\/wp-content\/uploads\/2024\/07\/nuble-postular-300x150.jpg 300w\" sizes=\"auto, (max-width: 700px) 100vw, 700px\" \/><\/p>\n<p style=\"text-align: justify;\">\u00d1uble, julio 2024: La convocatoria se inici\u00f3 el 27 de junio y se extender\u00e1 durante todo julio. Podr\u00e1n postular distintas instituciones, principalmente de Educaci\u00f3n Superior, para realizar investigaci\u00f3n y fomentar el desarrollo regional.<\/p>\n<p style=\"text-align: justify;\">\u00a0Son $3 mil millones los recursos dispuestos, mediante la Ley de Royalty Minero, para el Fondo Regional para la Productividad y el Desarrollo (FRPD) durante 2024, a trav\u00e9s de los cuales el Gobierno Regional financiar\u00e1 iniciativas del \u00e1mbito de la investigaci\u00f3n, innovaci\u00f3n, difusi\u00f3n y transferencia tecnol\u00f3gica y emprendimiento.<\/p>\n<p style=\"text-align: justify;\">El periodo de postulaci\u00f3n para las instituciones interesadas comenz\u00f3 el 27 de junio y se extender\u00e1 durante todo julio, a trav\u00e9s de la p\u00e1gina web\u00a0<a href=\"http:\/\/www.goredenuble.cl\/\">www.goredenuble.cl<\/a>\u00a0, donde adem\u00e1s existir\u00e1 un periodo de consultas.<\/p>\n<p style=\"text-align: justify;\">Al respecto, el Gobernador \u00d3scar Cris\u00f3stomo, explic\u00f3 que \u201cestos fondos eran conocidos como los FIC, Fondos de Innovaci\u00f3n para la Competitividad, y este a\u00f1o se llaman de Productividad y de Desarrollo; pero finalmente lo que buscan es fomentar la innovaci\u00f3n, darle valor agregado al sistema matriz productivo de nuestra regi\u00f3n y solucionar distintas brechas, los problemas econ\u00f3micos y de investigaci\u00f3n que tenemos en \u00d1uble\u201d.<\/p>\n<p style=\"text-align: justify;\">En convocatorias anteriores, relat\u00f3 la autoridad, \u201cestas iniciativas han llevado a que mejoremos, por ejemplo, los distintos fertilizantes para el sistema agrario, la productividad en el \u00e1mbito forestal; tambi\u00e9n tener una experiencia exitosa en t\u00e9rminos de reducci\u00f3n de consumo de agua del mundo agr\u00edcola, hoy estamos con unos proyectos muy interesantes de riego tecnificado especializado, otros en el \u00e1rea del arroz y, junto con eso, tambi\u00e9n ha permitido hacer investigaci\u00f3n en materia de salud y educaci\u00f3n (\u2026) Por otra parte, una de las exigencias que hemos hecho en estos fondos, es que tengan una transferencia inmediata con el mundo p\u00fablico, privado, a fin de ir mejorando nuestra calidad de vida\u201d.<\/p>\n<p style=\"text-align: justify;\">Para financiar proyectos a trav\u00e9s de estos fondos, se fijaron como sectores prioritarios la atracci\u00f3n de inversiones para el desarrollo regional; desarrollo empresarial, fomento productivo e inversi\u00f3n productiva; turismo y\/o medioambiente y energ\u00eda y\/o conectividad digital.<\/p>\n<p style=\"text-align: justify;\">Proyectos financiados 2023<\/p>\n<p style=\"text-align: justify;\">Durante la ceremonia de lanzamiento, se entreg\u00f3 un reconocimiento a las instituciones que se adjudicaron fondos durante el 2023. En detalle, las iniciativas corresponden a \u201cRed de Productores Agr\u00edcolas para las Compras P\u00fablicas para la Regi\u00f3n de \u00d1uble\u201d, de la Universidad Cat\u00f3lica de la Sant\u00edsima Concepci\u00f3n; y \u201cSistema de Diagn\u00f3stico y Recomendaci\u00f3n Nutricional Integrada en Avellano Europeo\u201d de la Universidad de Talca. Tambi\u00e9n, en materia agr\u00edcola, la iniciativa \u201cLa Paja de Trigo del Valle del Itata: Una Oportunidad de Desarrollo de Econom\u00eda Circular y Sostenible\u201d de la Universidad de Chile.<\/p>\n<p style=\"text-align: justify;\">En el \u00e1rea salud, fue beneficiada la \u201cPlataforma Web-App M\u00f3vil Integrada en Red para Reducir Mortalidad\/ Morbilidad por Infarto Agudo al Miocardio y Accidente Vascular Encef\u00e1lico\u201d, de la Universidad Adventista de Chile.<\/p>\n<p style=\"text-align: justify;\">Finalmente, la Universidad del B\u00edo-B\u00edo, se adjudic\u00f3 fondos por los proyectos \u201cPlataforma Interoperable, para el Manejo de Listas de Espera en \u00d1uble\u201d; \u201cPrevenci\u00f3n y Detecci\u00f3n Precoz de C\u00e1ncer Colorrectal para la Regi\u00f3n de \u00d1uble\u201d; \u201cPrograma de Apoyo Integral para Residencias de Protecci\u00f3n de la Regi\u00f3n de \u00d1uble\u201d e \u201cIndustrializaci\u00f3n de la Vivienda en Madera de la Regi\u00f3n \u00d1uble\u201d.<\/p>\n","protected":false},"excerpt":{"rendered":"<p>\u00d1uble, julio 2024: La convocatoria se inici\u00f3 el 27 de junio y se extender\u00e1 durante todo julio. Podr\u00e1n postular distintas instituciones, principalmente de Educaci\u00f3n Superior, para realizar investigaci\u00f3n y fomentar el desarrollo regional. \u00a0Son&#46;&#46;&#46;<\/p>\n","protected":false},"author":2,"featured_media":31234,"comment_status":"closed","ping_status":"closed","sticky":false,"template":"","format":"standard","meta":{"footnotes":""},"categories":[1],"tags":[2074,1115,1678,3202,8,6,117],"class_list":["post-31233","post","type-post","status-publish","format-standard","has-post-thumbnail","hentry","category-noticias","tag-innovacion","tag-noticias","tag-nuble","tag-proyectos","tag-yungay","tag-yungayino","tag-yungayinocl"],"_links":{"self":[{"href":"https:\/\/www.yungayino.cl\/noticias\/index.php?rest_route=\/wp\/v2\/posts\/31233","targetHints":{"allow":["GET"]}}],"collection":[{"href":"https:\/\/www.yungayino.cl\/noticias\/index.php?rest_route=\/wp\/v2\/posts"}],"about":[{"href":"https:\/\/www.yungayino.cl\/noticias\/index.php?rest_route=\/wp\/v2\/types\/post"}],"author":[{"embeddable":true,"href":"https:\/\/www.yungayino.cl\/noticias\/index.php?rest_route=\/wp\/v2\/users\/2"}],"replies":[{"embeddable":true,"href":"https:\/\/www.yungayino.cl\/noticias\/index.php?rest_route=%2Fwp%2Fv2%2Fcomments&post=31233"}],"version-history":[{"count":2,"href":"https:\/\/www.yungayino.cl\/noticias\/index.php?rest_route=\/wp\/v2\/posts\/31233\/revisions"}],"predecessor-version":[{"id":31236,"href":"https:\/\/www.yungayino.cl\/noticias\/index.php?rest_route=\/wp\/v2\/posts\/31233\/revisions\/31236"}],"wp:featuredmedia":[{"embeddable":true,"href":"https:\/\/www.yungayino.cl\/noticias\/index.php?rest_route=\/wp\/v2\/media\/31234"}],"wp:attachment":[{"href":"https:\/\/www.yungayino.cl\/noticias\/index.php?rest_route=%2Fwp%2Fv2%2Fmedia&parent=31233"}],"wp:term":[{"taxonomy":"category","embeddable":true,"href":"https:\/\/www.yungayino.cl\/noticias\/index.php?rest_route=%2Fwp%2Fv2%2Fcategories&post=31233"},{"taxonomy":"post_tag","embeddable":true,"href":"https:\/\/www.yungayino.cl\/noticias\/index.php?rest_route=%2Fwp%2Fv2%2Ftags&post=31233"}],"curies":[{"name":"wp","href":"https:\/\/api.w.org\/{rel}","templated":true}]}}