{"id":31246,"date":"2024-07-10T10:00:35","date_gmt":"2024-07-10T13:00:35","guid":{"rendered":"https:\/\/www.yungayino.cl\/noticias\/?p=31246"},"modified":"2024-07-09T13:57:11","modified_gmt":"2024-07-09T16:57:11","slug":"en-siete-comunas-de-nuble-se-ejecutaran-iniciativas-sustentables-gracias-al-fondo-de-proteccion-ambiental","status":"publish","type":"post","link":"https:\/\/www.yungayino.cl\/noticias\/?p=31246","title":{"rendered":"En Siete Comunas De \u00d1uble Se Ejecutar\u00e1n Iniciativas Sustentables Gracias Al Fondo De Protecci\u00f3n Ambiental"},"content":{"rendered":"<p><img loading=\"lazy\" decoding=\"async\" class=\"alignnone wp-image-31248 size-full\" src=\"https:\/\/www.yungayino.cl\/noticias\/wp-content\/uploads\/2024\/07\/Ceremonia-Entrega-FPA.jpg\" alt=\"\" width=\"700\" height=\"350\" srcset=\"https:\/\/www.yungayino.cl\/noticias\/wp-content\/uploads\/2024\/07\/Ceremonia-Entrega-FPA.jpg 700w, https:\/\/www.yungayino.cl\/noticias\/wp-content\/uploads\/2024\/07\/Ceremonia-Entrega-FPA-300x150.jpg 300w\" sizes=\"auto, (max-width: 700px) 100vw, 700px\" \/><\/p>\n<p style=\"text-align: justify;\">\u00d1uble, julio 2024: Desde iniciativas orientadas al cambio clim\u00e1tico, econom\u00eda circular, conservaci\u00f3n de la biodiversidad y educaci\u00f3n ambiental, se ejecutar\u00e1n en 7 comunas de \u00d1uble gracias al financiamiento del Ministerio del Medio Ambiente.<\/p>\n<p style=\"text-align: justify;\">Con el objetivo de materializar proyectos enfocados en la protecci\u00f3n y reparaci\u00f3n del medio ambiente, el desarrollo sustentable, la preservaci\u00f3n de la naturaleza y la conservaci\u00f3n del patrimonio ambiental de \u00d1uble, siete organizaciones sociales regionales han recibido financiamiento por un total de 6 millones de pesos. Estos fondos fueron otorgados a trav\u00e9s del Fondo de Protecci\u00f3n Ambiental (FPA) del Ministerio del Medio Ambiente en el a\u00f1o 2024.<\/p>\n<p style=\"text-align: justify;\">La entrega de los fondos se llev\u00f3 a cabo en las dependencias de la C\u00e1mara Chilena de la Construcci\u00f3n de \u00d1uble. La actividad estuvo liderada por el jefe de la cartera de Medio Ambiente en la regi\u00f3n, Mario Rivas Pe\u00f1a, y cont\u00f3 adem\u00e1s con la presencia de la seremi de la Mujer, Constanza S\u00e1nchez Carvajal; el seremi de Econom\u00eda, Erick Solo De Zald\u00edvar; el seremi de Energ\u00eda, Dennis Rivas Oviedo, junto con los representantes de todos los proyectos adjudicados.<\/p>\n<p style=\"text-align: justify;\">El seremi del Medio Ambiente de \u00d1uble, Mario Rivas Pe\u00f1a, destac\u00f3: \u201cEstamos felices de poder colaborar con diversas organizaciones en financiar y visibilizar iniciativas sustentables que tendr\u00e1n un impacto positivo en su entorno. Destacamos la creatividad y alianzas que sustenta cada proyecto, y que permitir\u00e1n fomentar eficiencia energ\u00e9tica, el monitoreo y conservaci\u00f3n del huemul, el compostaje de residuos org\u00e1nicos domiciliarios e invernaderos, as\u00ed como se\u00f1al\u00e9ticas para un turismo sustentable, teniendo como base la educaci\u00f3n ambiental para la comunidad\u00bb.<\/p>\n<p style=\"text-align: justify;\">Las organizaciones beneficiadas incluyen centros de estudiantes y de apoderados, juntas de vecinos, clubes deportivos y organizaciones ambientales, quienes ejecutar\u00e1n proyectos en las comunas de San Nicol\u00e1s, <strong>Yungay<\/strong>, Chill\u00e1n, San Fabi\u00e1n, Bulnes, Coihueco y Pinto, a trav\u00e9s de las l\u00edneas de proyectos sustentables ciudadanos y para establecimientos educacionales.<\/p>\n<p style=\"text-align: justify;\">Desde el Centro General de Padres Y Apoderados Escuela Marta Colvin Andrade de la comuna de Coihueco, que se adjudic\u00f3 el financiamiento para su iniciativa \u201cReactivaci\u00f3n de invernadero escolar\u201d destacan el compromiso por parte de la comunidad escolar para avanzar en iniciativas que promuevan la educaci\u00f3n ambiental y la econom\u00eda circular: \u201cEste proyecto ayuda mucho a los ni\u00f1os de colegio. Nosotros queremos fomentar a trav\u00e9s de este proyecto agrandar el invernadero para que los ni\u00f1os puedan tener m\u00e1s espacio donde puedan moverse mejor y ense\u00f1arles a como producir sus productos. Con esto queremos apoyar a que ellos puedan avanzar en un futuro mejor\u201d, explico Yecenia Solar Zamorano, representante de organizaci\u00f3n comunitaria.<\/p>\n<p style=\"text-align: justify;\">Fondo de Protecci\u00f3n Ambiental<\/p>\n<p style=\"text-align: justify;\">El Fondo de Protecci\u00f3n Ambiental (FPA) es el primer y \u00fanico fondo concursable de car\u00e1cter ambiental con que cuenta el Estado de Chile. Fue creado por la Ley 19.300 sobre Bases Generales del Medio Ambiente para apoyar iniciativas ciudadanas y financiar total o parcialmente proyectos o actividades orientadas a la protecci\u00f3n o reparaci\u00f3n del medio ambiente, el desarrollo sustentable, la preservaci\u00f3n de la naturaleza o la conservaci\u00f3n del patrimonio ambiental.<\/p>\n<p style=\"text-align: justify;\">Desde el a\u00f1o 1998 a la fecha, se han financiado cerca de 3.800 proyectos a nivel nacional, por un monto que supera los $21 mil millones de pesos. A nivel regional, en \u00d1uble, han sido 41 proyectos que, desde la creaci\u00f3n de la regi\u00f3n en el a\u00f1o 2018, han contado con financiamiento a trav\u00e9s del Fondo de Protecci\u00f3n Ambiental entregado por el Ministerio del Medio Ambiente, siendo una herramienta clave para desarrollar iniciativas sustentables por parte de la comunidad.<\/p>\n<p style=\"text-align: justify;\">El FPA se abre cada a\u00f1o entre los meses de agosto y septiembre, y se invita a las organizaciones a que puedan revisar las bases y preparar las iniciativas con anticipaci\u00f3n revisando la informaci\u00f3n disponible en el sitio web <a href=\"https:\/\/fondos.mma.gob.cl\/fpa\">https:\/\/fondos.mma.gob.cl\/fpa<\/a><\/p>\n<p>&nbsp;<\/p>\n<p><img loading=\"lazy\" decoding=\"async\" class=\"alignnone wp-image-31247 size-full\" src=\"https:\/\/www.yungayino.cl\/noticias\/wp-content\/uploads\/2024\/07\/Ceremonia-Entrega-FPA-2024.jpg\" alt=\"\" width=\"700\" height=\"525\" srcset=\"https:\/\/www.yungayino.cl\/noticias\/wp-content\/uploads\/2024\/07\/Ceremonia-Entrega-FPA-2024.jpg 700w, https:\/\/www.yungayino.cl\/noticias\/wp-content\/uploads\/2024\/07\/Ceremonia-Entrega-FPA-2024-300x225.jpg 300w\" sizes=\"auto, (max-width: 700px) 100vw, 700px\" \/><\/p>\n","protected":false},"excerpt":{"rendered":"<p>\u00d1uble, julio 2024: Desde iniciativas orientadas al cambio clim\u00e1tico, econom\u00eda circular, conservaci\u00f3n de la biodiversidad y educaci\u00f3n ambiental, se ejecutar\u00e1n en 7 comunas de \u00d1uble gracias al financiamiento del Ministerio del Medio Ambiente. Con&#46;&#46;&#46;<\/p>\n","protected":false},"author":2,"featured_media":31248,"comment_status":"closed","ping_status":"closed","sticky":false,"template":"","format":"standard","meta":{"footnotes":""},"categories":[1],"tags":[3206,3205,904,1115,8,6,117],"class_list":["post-31246","post","type-post","status-publish","format-standard","has-post-thumbnail","hentry","category-noticias","tag-fondo-de-proteccion-ambiental","tag-iniciativas-sustentables","tag-medio-ambiente","tag-noticias","tag-yungay","tag-yungayino","tag-yungayinocl"],"_links":{"self":[{"href":"https:\/\/www.yungayino.cl\/noticias\/index.php?rest_route=\/wp\/v2\/posts\/31246","targetHints":{"allow":["GET"]}}],"collection":[{"href":"https:\/\/www.yungayino.cl\/noticias\/index.php?rest_route=\/wp\/v2\/posts"}],"about":[{"href":"https:\/\/www.yungayino.cl\/noticias\/index.php?rest_route=\/wp\/v2\/types\/post"}],"author":[{"embeddable":true,"href":"https:\/\/www.yungayino.cl\/noticias\/index.php?rest_route=\/wp\/v2\/users\/2"}],"replies":[{"embeddable":true,"href":"https:\/\/www.yungayino.cl\/noticias\/index.php?rest_route=%2Fwp%2Fv2%2Fcomments&post=31246"}],"version-history":[{"count":2,"href":"https:\/\/www.yungayino.cl\/noticias\/index.php?rest_route=\/wp\/v2\/posts\/31246\/revisions"}],"predecessor-version":[{"id":31250,"href":"https:\/\/www.yungayino.cl\/noticias\/index.php?rest_route=\/wp\/v2\/posts\/31246\/revisions\/31250"}],"wp:featuredmedia":[{"embeddable":true,"href":"https:\/\/www.yungayino.cl\/noticias\/index.php?rest_route=\/wp\/v2\/media\/31248"}],"wp:attachment":[{"href":"https:\/\/www.yungayino.cl\/noticias\/index.php?rest_route=%2Fwp%2Fv2%2Fmedia&parent=31246"}],"wp:term":[{"taxonomy":"category","embeddable":true,"href":"https:\/\/www.yungayino.cl\/noticias\/index.php?rest_route=%2Fwp%2Fv2%2Fcategories&post=31246"},{"taxonomy":"post_tag","embeddable":true,"href":"https:\/\/www.yungayino.cl\/noticias\/index.php?rest_route=%2Fwp%2Fv2%2Ftags&post=31246"}],"curies":[{"name":"wp","href":"https:\/\/api.w.org\/{rel}","templated":true}]}}