{"id":3126,"date":"2010-02-18T01:00:30","date_gmt":"2010-02-18T05:00:30","guid":{"rendered":"http:\/\/www.yungayino.cl\/noticias\/?p=3126"},"modified":"2010-02-19T20:51:18","modified_gmt":"2010-02-20T00:51:18","slug":"espectacular-show-de-americo-en-pemuco","status":"publish","type":"post","link":"https:\/\/www.yungayino.cl\/noticias\/?p=3126","title":{"rendered":"Espectacular Show de \u00abAm\u00e9rico\u00bb en Pemuco"},"content":{"rendered":"<p><img decoding=\"async\" src=\"http:\/\/www.yungayino.cl\/imagenes\/americopemuco.jpg\" alt=\"Con Espectacular Show \u201cAm\u00e9rico\u201d se Presento en Pemuco\" \/><\/p>\n<p align=\"justify\"><font size=\"2\">Alrededor de las 22:30 horas se dio inicio al espectacular show  del \u00eddolo tropical del momento \u201cAm\u00e9rico\u201d, evento organizado por la Municipalidad como parte de la Semana Pemucana 2010. Con gritos ensordecedores, Am\u00e9rico sub\u00eda al escenario montado en el Estadio Municipal  donde miles de personas soportando la lluvia previa acudieron hasta el principal recinto deportivo de la comuna para ver en vivo y en directo el recital del cantante nacional. El esperado show, al que no s\u00f3lo asistieron Pemucanos, sino que tambi\u00e9n personas que viajaron desde Yungay, Chill\u00e1n, Bulnes, El Carmen, San Ignacio y alrededores cantaron y bailaron el contagioso ritmo tropical.  El delirio fue total con su m\u00e1s reconocido \u00e9xito musical: \u201cQue levante las manos\u201d, \u201cMe enamore de ti y que\u201d, \u201cte vas\u201d, \u201cEl embrujo\u201d, \u201cTraicionera\u201d entre otros. El alcalde Julio Mu\u00f1oz manifest\u00f3 al equipo de Yungayino.cl que esta era una verdadera fiesta para toda la comuna y para la gente que nos visitaba, la idea era que nadie quedara fuera de este evento, la primera autoridad comunal disfruto y acompa\u00f1o al p\u00fablico presente en la presentaci\u00f3n de Am\u00e9rico, como reconocimiento a su visita el Alcalde junto a su se\u00f1ora entregaron un presente en representaci\u00f3n de la comuna, una carretela tallada en madera.<br \/>\n<object classid=\"clsid:d27cdb6e-ae6d-11cf-96b8-444553540000\" width=\"425\" height=\"344\" codebase=\"http:\/\/download.macromedia.com\/pub\/shockwave\/cabs\/flash\/swflash.cab#version=6,0,40,0\"><param name=\"allowFullScreen\" value=\"true\" \/><param name=\"allowscriptaccess\" value=\"always\" \/><param name=\"src\" value=\"http:\/\/www.youtube.com\/v\/f5YmrQH6Yho&amp;rel=0&amp;egm=0&amp;hl=es_ES&amp;fs=1&amp;\" \/><embed type=\"application\/x-shockwave-flash\" width=\"425\" height=\"344\" src=\"http:\/\/www.youtube.com\/v\/f5YmrQH6Yho&amp;rel=0&amp;egm=0&amp;hl=es_ES&amp;fs=1&amp;\" allowfullscreen=\"true\" allowscriptaccess=\"always\"><\/embed><\/object><\/span><br \/>\n<br \/>\n<a href=\"http:\/\/www.yungayino.cl\/noticias\/?p=3126#comments\">Comente Aqu\u00ed<\/a><br \/>\n<a href=\"http:\/\/www.flickr.com\/search\/?q=americoenpemuco&#038;m=tags&#038;w=47533824%40N02&#038;z=e\">Fotograf\u00edas<\/a><\/font><\/p>\n","protected":false},"excerpt":{"rendered":"<p>Alrededor de las 22:30 horas se dio inicio al espectacular show del \u00eddolo tropical del momento \u201cAm\u00e9rico\u201d, evento organizado por la Municipalidad como parte de la Semana Pemucana 2010. Con gritos ensordecedores, Am\u00e9rico sub\u00eda&#46;&#46;&#46;<\/p>\n","protected":false},"author":2,"featured_media":15251,"comment_status":"open","ping_status":"open","sticky":false,"template":"","format":"standard","meta":{"footnotes":""},"categories":[5,1],"tags":[172,1117,1115,30,173,6],"class_list":["post-3126","post","type-post","status-publish","format-standard","has-post-thumbnail","hentry","category-eventos","category-noticias","tag-americo","tag-eventos","tag-noticias","tag-pemuco","tag-semana-pemucana-2010","tag-yungayino"],"_links":{"self":[{"href":"https:\/\/www.yungayino.cl\/noticias\/index.php?rest_route=\/wp\/v2\/posts\/3126","targetHints":{"allow":["GET"]}}],"collection":[{"href":"https:\/\/www.yungayino.cl\/noticias\/index.php?rest_route=\/wp\/v2\/posts"}],"about":[{"href":"https:\/\/www.yungayino.cl\/noticias\/index.php?rest_route=\/wp\/v2\/types\/post"}],"author":[{"embeddable":true,"href":"https:\/\/www.yungayino.cl\/noticias\/index.php?rest_route=\/wp\/v2\/users\/2"}],"replies":[{"embeddable":true,"href":"https:\/\/www.yungayino.cl\/noticias\/index.php?rest_route=%2Fwp%2Fv2%2Fcomments&post=3126"}],"version-history":[{"count":13,"href":"https:\/\/www.yungayino.cl\/noticias\/index.php?rest_route=\/wp\/v2\/posts\/3126\/revisions"}],"predecessor-version":[{"id":3144,"href":"https:\/\/www.yungayino.cl\/noticias\/index.php?rest_route=\/wp\/v2\/posts\/3126\/revisions\/3144"}],"wp:featuredmedia":[{"embeddable":true,"href":"https:\/\/www.yungayino.cl\/noticias\/index.php?rest_route=\/wp\/v2\/media\/15251"}],"wp:attachment":[{"href":"https:\/\/www.yungayino.cl\/noticias\/index.php?rest_route=%2Fwp%2Fv2%2Fmedia&parent=3126"}],"wp:term":[{"taxonomy":"category","embeddable":true,"href":"https:\/\/www.yungayino.cl\/noticias\/index.php?rest_route=%2Fwp%2Fv2%2Fcategories&post=3126"},{"taxonomy":"post_tag","embeddable":true,"href":"https:\/\/www.yungayino.cl\/noticias\/index.php?rest_route=%2Fwp%2Fv2%2Ftags&post=3126"}],"curies":[{"name":"wp","href":"https:\/\/api.w.org\/{rel}","templated":true}]}}