{"id":31306,"date":"2024-07-21T18:00:48","date_gmt":"2024-07-21T21:00:48","guid":{"rendered":"https:\/\/www.yungayino.cl\/noticias\/?p=31306"},"modified":"2024-07-22T18:16:33","modified_gmt":"2024-07-22T21:16:33","slug":"comienza-el-patrullaje-mixto-nocturno-en-yungay","status":"publish","type":"post","link":"https:\/\/www.yungayino.cl\/noticias\/?p=31306","title":{"rendered":"Comienza El Patrullaje Mixto Nocturno En Yungay"},"content":{"rendered":"<p><img loading=\"lazy\" decoding=\"async\" class=\"alignnone wp-image-31309 size-full\" src=\"https:\/\/www.yungayino.cl\/noticias\/wp-content\/uploads\/2024\/07\/patrullaje-3.jpg\" alt=\"\" width=\"700\" height=\"467\" srcset=\"https:\/\/www.yungayino.cl\/noticias\/wp-content\/uploads\/2024\/07\/patrullaje-3.jpg 700w, https:\/\/www.yungayino.cl\/noticias\/wp-content\/uploads\/2024\/07\/patrullaje-3-300x200.jpg 300w\" sizes=\"auto, (max-width: 700px) 100vw, 700px\" \/><\/p>\n<p style=\"text-align: justify;\">Yungay, julio 2024: El Alcalde Rafael Cifuentes Rodr\u00edguez y el Comisario de la Cuarta Comisar\u00eda de Yungay, Mayor H\u00e9ctor Gonz\u00e1lez Rozas, fueron los encargados de dar puntapi\u00e9 inicial al programa de patrullaje mixto en rondas nocturnas de seguridad p\u00fablica, una iniciativa enmarcada en el trabajo conjunto que el municipio realiza con Carabineros.<\/p>\n<p style=\"text-align: justify;\">El patrullaje mixto ha sido una estrategia efectiva desde el a\u00f1o pasado en Yungay, implementada en el marco del Convenio OS14 con Carabineros. Este convenio ha permitido la colaboraci\u00f3n entre ambas entidades para garantizar una presencia constante y disuasoria en las calles de la comuna.<\/p>\n<p style=\"text-align: justify;\">El patrullaje mixto nocturno, que ahora ser\u00e1 permanente en la comuna, combina los recursos y personal de Carabineros y el municipio, fortaleciendo la capacidad de respuesta ante situaciones de emergencia y mejorando la percepci\u00f3n de seguridad entre los vecinos.<\/p>\n<p style=\"text-align: justify;\">El alcalde Rafael Cifuentes Rodr\u00edguez destac\u00f3 la importancia de esta colaboraci\u00f3n: \u201cEl inicio de estas rondas nocturnas permanentes es un paso crucial para garantizar la seguridad de nuestros vecinos. Agradezco a Carabineros por su compromiso y trabajo conjunto con nuestro municipio. Seguiremos trabajando incansablemente para mantener Yungay seguro.\u201d<\/p>\n<p>&nbsp;<\/p>\n<p><img loading=\"lazy\" decoding=\"async\" class=\"alignnone wp-image-31308 size-full\" src=\"https:\/\/www.yungayino.cl\/noticias\/wp-content\/uploads\/2024\/07\/patrullaje-2.jpg\" alt=\"\" width=\"700\" height=\"466\" srcset=\"https:\/\/www.yungayino.cl\/noticias\/wp-content\/uploads\/2024\/07\/patrullaje-2.jpg 700w, https:\/\/www.yungayino.cl\/noticias\/wp-content\/uploads\/2024\/07\/patrullaje-2-300x200.jpg 300w\" sizes=\"auto, (max-width: 700px) 100vw, 700px\" \/><\/p>\n","protected":false},"excerpt":{"rendered":"<p>Yungay, julio 2024: El Alcalde Rafael Cifuentes Rodr\u00edguez y el Comisario de la Cuarta Comisar\u00eda de Yungay, Mayor H\u00e9ctor Gonz\u00e1lez Rozas, fueron los encargados de dar puntapi\u00e9 inicial al programa de patrullaje mixto en&#46;&#46;&#46;<\/p>\n","protected":false},"author":2,"featured_media":31307,"comment_status":"closed","ping_status":"closed","sticky":false,"template":"","format":"standard","meta":{"footnotes":""},"categories":[1],"tags":[3217,3218,8,6,117],"class_list":["post-31306","post","type-post","status-publish","format-standard","has-post-thumbnail","hentry","category-noticias","tag-noticias-carabineros","tag-patrullaje","tag-yungay","tag-yungayino","tag-yungayinocl"],"_links":{"self":[{"href":"https:\/\/www.yungayino.cl\/noticias\/index.php?rest_route=\/wp\/v2\/posts\/31306","targetHints":{"allow":["GET"]}}],"collection":[{"href":"https:\/\/www.yungayino.cl\/noticias\/index.php?rest_route=\/wp\/v2\/posts"}],"about":[{"href":"https:\/\/www.yungayino.cl\/noticias\/index.php?rest_route=\/wp\/v2\/types\/post"}],"author":[{"embeddable":true,"href":"https:\/\/www.yungayino.cl\/noticias\/index.php?rest_route=\/wp\/v2\/users\/2"}],"replies":[{"embeddable":true,"href":"https:\/\/www.yungayino.cl\/noticias\/index.php?rest_route=%2Fwp%2Fv2%2Fcomments&post=31306"}],"version-history":[{"count":1,"href":"https:\/\/www.yungayino.cl\/noticias\/index.php?rest_route=\/wp\/v2\/posts\/31306\/revisions"}],"predecessor-version":[{"id":31310,"href":"https:\/\/www.yungayino.cl\/noticias\/index.php?rest_route=\/wp\/v2\/posts\/31306\/revisions\/31310"}],"wp:featuredmedia":[{"embeddable":true,"href":"https:\/\/www.yungayino.cl\/noticias\/index.php?rest_route=\/wp\/v2\/media\/31307"}],"wp:attachment":[{"href":"https:\/\/www.yungayino.cl\/noticias\/index.php?rest_route=%2Fwp%2Fv2%2Fmedia&parent=31306"}],"wp:term":[{"taxonomy":"category","embeddable":true,"href":"https:\/\/www.yungayino.cl\/noticias\/index.php?rest_route=%2Fwp%2Fv2%2Fcategories&post=31306"},{"taxonomy":"post_tag","embeddable":true,"href":"https:\/\/www.yungayino.cl\/noticias\/index.php?rest_route=%2Fwp%2Fv2%2Ftags&post=31306"}],"curies":[{"name":"wp","href":"https:\/\/api.w.org\/{rel}","templated":true}]}}