{"id":31359,"date":"2024-07-26T15:00:06","date_gmt":"2024-07-26T18:00:06","guid":{"rendered":"https:\/\/www.yungayino.cl\/noticias\/?p=31359"},"modified":"2024-07-27T19:05:48","modified_gmt":"2024-07-27T22:05:48","slug":"alcalde-rafael-cifuentes-se-reune-con-dirigentes-de-la-union-comunal-de-juntas-de-vecinos-de-yungay","status":"publish","type":"post","link":"https:\/\/www.yungayino.cl\/noticias\/?p=31359","title":{"rendered":"Alcalde Rafael Cifuentes Se Re\u00fane Con Dirigentes De La Uni\u00f3n Comunal De Juntas De Vecinos De Yungay"},"content":{"rendered":"<p><img loading=\"lazy\" decoding=\"async\" class=\"alignnone wp-image-31361 size-full\" src=\"https:\/\/www.yungayino.cl\/noticias\/wp-content\/uploads\/2024\/07\/reunion-unco-2.jpg\" alt=\"\" width=\"700\" height=\"350\" srcset=\"https:\/\/www.yungayino.cl\/noticias\/wp-content\/uploads\/2024\/07\/reunion-unco-2.jpg 700w, https:\/\/www.yungayino.cl\/noticias\/wp-content\/uploads\/2024\/07\/reunion-unco-2-300x150.jpg 300w\" sizes=\"auto, (max-width: 700px) 100vw, 700px\" \/><\/p>\n<p style=\"text-align: justify;\">Yungay, julio 2024: El alcalde Rafael Cifuentes Rodr\u00edguez lleg\u00f3 hasta la sede de la Junta de Vecinos Bernardo O&#8217;Higgins para reunirse con los dirigentes de la Uni\u00f3n Comunal de Juntas de Vecinos de Yungay, acompa\u00f1ado de su equipo t\u00e9cnico profesional. Esta instancia tuvo como objetivo principal responder a las inquietudes y solicitudes planteadas por los l\u00edderes de la comuna.<\/p>\n<p style=\"text-align: justify;\">Durante la reuni\u00f3n, se abordaron diversas tem\u00e1ticas que afectan a las diferentes comunidades de Yungay. Los dirigentes expusieron sus preocupaciones y necesidades, las cuales fueron escuchadas atentamente por el alcalde y su equipo, quienes ofrecieron su apoyo para resolver las diferentes preocupaciones presentadas.<\/p>\n<p>&nbsp;<\/p>\n<p><img loading=\"lazy\" decoding=\"async\" class=\"alignnone wp-image-31360 size-full\" src=\"https:\/\/www.yungayino.cl\/noticias\/wp-content\/uploads\/2024\/07\/reunion-unco-1.jpg\" alt=\"\" width=\"700\" height=\"467\" srcset=\"https:\/\/www.yungayino.cl\/noticias\/wp-content\/uploads\/2024\/07\/reunion-unco-1.jpg 700w, https:\/\/www.yungayino.cl\/noticias\/wp-content\/uploads\/2024\/07\/reunion-unco-1-300x200.jpg 300w\" sizes=\"auto, (max-width: 700px) 100vw, 700px\" \/><\/p>\n","protected":false},"excerpt":{"rendered":"<p>Yungay, julio 2024: El alcalde Rafael Cifuentes Rodr\u00edguez lleg\u00f3 hasta la sede de la Junta de Vecinos Bernardo O&#8217;Higgins para reunirse con los dirigentes de la Uni\u00f3n Comunal de Juntas de Vecinos de Yungay,&#46;&#46;&#46;<\/p>\n","protected":false},"author":2,"featured_media":31361,"comment_status":"closed","ping_status":"closed","sticky":false,"template":"","format":"standard","meta":{"footnotes":""},"categories":[1],"tags":[591,1115,433,8,6,117],"class_list":["post-31359","post","type-post","status-publish","format-standard","has-post-thumbnail","hentry","category-noticias","tag-juntas-de-vecinos","tag-noticias","tag-union-comunal","tag-yungay","tag-yungayino","tag-yungayinocl"],"_links":{"self":[{"href":"https:\/\/www.yungayino.cl\/noticias\/index.php?rest_route=\/wp\/v2\/posts\/31359","targetHints":{"allow":["GET"]}}],"collection":[{"href":"https:\/\/www.yungayino.cl\/noticias\/index.php?rest_route=\/wp\/v2\/posts"}],"about":[{"href":"https:\/\/www.yungayino.cl\/noticias\/index.php?rest_route=\/wp\/v2\/types\/post"}],"author":[{"embeddable":true,"href":"https:\/\/www.yungayino.cl\/noticias\/index.php?rest_route=\/wp\/v2\/users\/2"}],"replies":[{"embeddable":true,"href":"https:\/\/www.yungayino.cl\/noticias\/index.php?rest_route=%2Fwp%2Fv2%2Fcomments&post=31359"}],"version-history":[{"count":1,"href":"https:\/\/www.yungayino.cl\/noticias\/index.php?rest_route=\/wp\/v2\/posts\/31359\/revisions"}],"predecessor-version":[{"id":31362,"href":"https:\/\/www.yungayino.cl\/noticias\/index.php?rest_route=\/wp\/v2\/posts\/31359\/revisions\/31362"}],"wp:featuredmedia":[{"embeddable":true,"href":"https:\/\/www.yungayino.cl\/noticias\/index.php?rest_route=\/wp\/v2\/media\/31361"}],"wp:attachment":[{"href":"https:\/\/www.yungayino.cl\/noticias\/index.php?rest_route=%2Fwp%2Fv2%2Fmedia&parent=31359"}],"wp:term":[{"taxonomy":"category","embeddable":true,"href":"https:\/\/www.yungayino.cl\/noticias\/index.php?rest_route=%2Fwp%2Fv2%2Fcategories&post=31359"},{"taxonomy":"post_tag","embeddable":true,"href":"https:\/\/www.yungayino.cl\/noticias\/index.php?rest_route=%2Fwp%2Fv2%2Ftags&post=31359"}],"curies":[{"name":"wp","href":"https:\/\/api.w.org\/{rel}","templated":true}]}}