{"id":31390,"date":"2024-07-30T18:00:48","date_gmt":"2024-07-30T21:00:48","guid":{"rendered":"https:\/\/www.yungayino.cl\/noticias\/?p=31390"},"modified":"2024-07-30T18:01:27","modified_gmt":"2024-07-30T21:01:27","slug":"hospital-de-yungay-ofrecera-mas-atenciones-y-otorgara-mayor-resolutividad-a-los-problemas-de-salud-de-la-comunidad","status":"publish","type":"post","link":"https:\/\/www.yungayino.cl\/noticias\/?p=31390","title":{"rendered":"Hospital De Yungay Ofrecer\u00e1 M\u00e1s Atenciones y Otorgar\u00e1 Mayor Resolutividad A Los Problemas De Salud De La Comunidad"},"content":{"rendered":"<p><img loading=\"lazy\" decoding=\"async\" class=\"alignnone wp-image-31391 size-full\" src=\"https:\/\/www.yungayino.cl\/noticias\/wp-content\/uploads\/2024\/07\/hospital-de-yungay-mediana-complejidad.jpg\" alt=\"\" width=\"700\" height=\"350\" srcset=\"https:\/\/www.yungayino.cl\/noticias\/wp-content\/uploads\/2024\/07\/hospital-de-yungay-mediana-complejidad.jpg 700w, https:\/\/www.yungayino.cl\/noticias\/wp-content\/uploads\/2024\/07\/hospital-de-yungay-mediana-complejidad-300x150.jpg 300w\" sizes=\"auto, (max-width: 700px) 100vw, 700px\" \/><\/p>\n<p style=\"text-align: justify;\">Yungay, julio 2024: El Gobernador Cris\u00f3stomo inform\u00f3 que el recinto de salud pasar\u00e1 de baja a mediana complejidad dentro de la red asistencial, lo que permitir\u00e1 contar con m\u00e1s especialistas y una infraestructura acorde a esta nueva categor\u00eda.<\/p>\n<p style=\"text-align: justify;\">Un nuevo paso en el fortalecimiento de la red asistencial de salud, dio a conocer el Gobernador \u00d3scar Cris\u00f3stomo, junto a la Directora del Servicio de Salud \u00d1uble, Elizabeth Abarca y el alcalde de Yungay, Rafael Cifuentes.\u00a0 Y es que el hospital de esa comuna, ascender\u00e1 a mediana complejidad, lo que se traduce en que podr\u00e1 ofrecer mayor cantidad de atenciones a los usuarios, contar con especialistas y construir una infraestructura acorde a esta nueva categor\u00eda.<\/p>\n<p style=\"text-align: justify;\">Acercar la salud a las personas es un eje en la gesti\u00f3n del Gobernador Cris\u00f3stomo y esta no es la excepci\u00f3n. \u201cEn el marco del convenio de programaci\u00f3n que actualmente tenemos con el Servicio de Salud, que es el convenio m\u00e1s grande que existe en nuestro pa\u00eds, hoy el Ministerio nos han confirmado que aumentar\u00e1 la categor\u00eda del Hospital de Yungay, pasando a ser un hospital de mediana complejidad. Eso implica que vamos a iniciar en este instante los estudios preinversionales para determinar cu\u00e1l es la inversi\u00f3n que vamos a requerir y los metros cuadrados que se necesitan\u201d, explic\u00f3 la autoridad regional.<\/p>\n<p style=\"text-align: justify;\">A su vez asegur\u00f3 que esta \u201cera una expectativa ampliamente esperada por la comunidad de Yungay, que hab\u00eda sido gestionada tambi\u00e9n por el alcalde Rafael Cifuentes, quien ha mostrado una preocupaci\u00f3n muy activa en esta materia y tambi\u00e9n el diputado Felipe Cama\u00f1o, que hab\u00eda solicitado que colabor\u00e1ramos para que este hospital pudiera ampliar su cobertura y ser mucho m\u00e1s resolutivo\u201d.<\/p>\n<p style=\"text-align: justify;\">En tanto, como una noticia muy importante, calific\u00f3 la directora del Servicio de Salud \u00d1uble, esta nominaci\u00f3n que asciende al centro hospitalario y detall\u00f3 que \u201cactualmente corresponde a un hospital comunitario de salud familiar lo que implica que muchas veces las prestaciones que se brindan ah\u00ed son insuficiente para las necesidades, considerando todos los aspectos socio demogr\u00e1ficos de ese territorio (\u2026) significa que vamos a poder tener una cartera de prestaciones mucho m\u00e1s amplia y tambi\u00e9n dignificar la salud, traer equidad a esta poblaci\u00f3n que est\u00e1 tan alejada, que tengan un\u00a0 acceso como corresponde y\u00a0 tambi\u00e9n\u00a0 sus funcionarios puedan trabajar en lugares que sean dignos\u00a0 para poder entregar una salud con equidad, con calidad y con oportunidad\u201d.<\/p>\n<p style=\"text-align: justify;\">Por su parte, el diputado Felipe Caama\u00f1o, reiter\u00f3 que \u201cdespu\u00e9s de d\u00e9cadas esperando, de ser la puerta trasera de la ex provincia y la actual Regi\u00f3n de \u00d1uble, recibimos con alegr\u00eda y esperanza la ratificaci\u00f3n de un hospital de mediana complejidad para nuestra comuna, sobre todo, por los cientos de vecinos que esperan una atenci\u00f3n de salud oportuna y de calidad\u201d.\u00a0 Y record\u00f3 que \u201cesta fue una de mis banderas de lucha desde el primer d\u00eda, apenas asum\u00ed como Diputado de la Rep\u00fablica, poner sobre la mesa que \u00d1uble necesitaba modernizar su red de salud porque creo fielmente que necesitamos entregar m\u00e1s y mejores prestaciones, a cada uno de los habitantes de nuestra comuna y regi\u00f3n\u201d.<\/p>\n<p style=\"text-align: justify;\">Muy agradecido se mostr\u00f3 el alcalde Rafael Cifuentes, \u201cpor las gestiones para que nuestro sue\u00f1o sea hecho realidad (\u2026) que el Hospital de Yungay sea de mediana complejidad; para el gremio, para nuestros funcionarios, los yungayinos que han estado preocupados por mucho tiempo, pero gracias a todo el esfuerzo que han hecho nuestras autoridades regionales, se logr\u00f3\u201d.<\/p>\n<p style=\"text-align: justify;\">Respecto al terreno, detall\u00f3 el edil que se requiere de unos 20 mil metros cuadrados para hacer esta construcci\u00f3n. Cabe recordar que hace algunas semanas el Gobernador se reuni\u00f3n con los alcaldes de las comunas que cuentan con los hospitales comunitarios para encargarles buscar terreno donde poder construir las nuevas infraestructuras.<\/p>\n","protected":false},"excerpt":{"rendered":"<p>Yungay, julio 2024: El Gobernador Cris\u00f3stomo inform\u00f3 que el recinto de salud pasar\u00e1 de baja a mediana complejidad dentro de la red asistencial, lo que permitir\u00e1 contar con m\u00e1s especialistas y una infraestructura acorde&#46;&#46;&#46;<\/p>\n","protected":false},"author":2,"featured_media":31391,"comment_status":"closed","ping_status":"closed","sticky":false,"template":"","format":"standard","meta":{"footnotes":""},"categories":[3,1,1675,1676,32],"tags":[84,1115,65,8,6,117],"class_list":["post-31390","post","type-post","status-publish","format-standard","has-post-thumbnail","hentry","category-actualidad","category-noticias","category-saludc","category-salud","category-servicios","tag-hospital","tag-noticias","tag-salud","tag-yungay","tag-yungayino","tag-yungayinocl"],"_links":{"self":[{"href":"https:\/\/www.yungayino.cl\/noticias\/index.php?rest_route=\/wp\/v2\/posts\/31390","targetHints":{"allow":["GET"]}}],"collection":[{"href":"https:\/\/www.yungayino.cl\/noticias\/index.php?rest_route=\/wp\/v2\/posts"}],"about":[{"href":"https:\/\/www.yungayino.cl\/noticias\/index.php?rest_route=\/wp\/v2\/types\/post"}],"author":[{"embeddable":true,"href":"https:\/\/www.yungayino.cl\/noticias\/index.php?rest_route=\/wp\/v2\/users\/2"}],"replies":[{"embeddable":true,"href":"https:\/\/www.yungayino.cl\/noticias\/index.php?rest_route=%2Fwp%2Fv2%2Fcomments&post=31390"}],"version-history":[{"count":1,"href":"https:\/\/www.yungayino.cl\/noticias\/index.php?rest_route=\/wp\/v2\/posts\/31390\/revisions"}],"predecessor-version":[{"id":31392,"href":"https:\/\/www.yungayino.cl\/noticias\/index.php?rest_route=\/wp\/v2\/posts\/31390\/revisions\/31392"}],"wp:featuredmedia":[{"embeddable":true,"href":"https:\/\/www.yungayino.cl\/noticias\/index.php?rest_route=\/wp\/v2\/media\/31391"}],"wp:attachment":[{"href":"https:\/\/www.yungayino.cl\/noticias\/index.php?rest_route=%2Fwp%2Fv2%2Fmedia&parent=31390"}],"wp:term":[{"taxonomy":"category","embeddable":true,"href":"https:\/\/www.yungayino.cl\/noticias\/index.php?rest_route=%2Fwp%2Fv2%2Fcategories&post=31390"},{"taxonomy":"post_tag","embeddable":true,"href":"https:\/\/www.yungayino.cl\/noticias\/index.php?rest_route=%2Fwp%2Fv2%2Ftags&post=31390"}],"curies":[{"name":"wp","href":"https:\/\/api.w.org\/{rel}","templated":true}]}}