{"id":31393,"date":"2024-08-05T07:00:34","date_gmt":"2024-08-05T10:00:34","guid":{"rendered":"https:\/\/www.yungayino.cl\/noticias\/?p=31393"},"modified":"2024-07-30T18:13:05","modified_gmt":"2024-07-30T21:13:05","slug":"nuble-tendra-casa-de-acogida-para-pacientes-y-familiares-que-requieran-larga-estadia-en-el-hospital-regional","status":"publish","type":"post","link":"https:\/\/www.yungayino.cl\/noticias\/?p=31393","title":{"rendered":"\u00d1uble Tendr\u00e1 Casa De Acogida Para Pacientes y Familiares Que Requieran Larga Estad\u00eda En El Hospital Regional"},"content":{"rendered":"<p><img loading=\"lazy\" decoding=\"async\" class=\"alignnone wp-image-31395 size-full\" src=\"https:\/\/www.yungayino.cl\/noticias\/wp-content\/uploads\/2024\/07\/casa-acogida-nuble-2.jpg\" alt=\"\" width=\"700\" height=\"350\" srcset=\"https:\/\/www.yungayino.cl\/noticias\/wp-content\/uploads\/2024\/07\/casa-acogida-nuble-2.jpg 700w, https:\/\/www.yungayino.cl\/noticias\/wp-content\/uploads\/2024\/07\/casa-acogida-nuble-2-300x150.jpg 300w\" sizes=\"auto, (max-width: 700px) 100vw, 700px\" \/><\/p>\n<p style=\"text-align: justify;\">\u00d1uble, julio 2024: El Gobernador Cris\u00f3stomo, acompa\u00f1ado de organizaciones de la sociedad civil, firm\u00f3 el convenio que permitir\u00e1 al Servicio de Salud, habilitar un espacio para los \u00f1ublensinos que requieran permanecer en la capital regional por un tratamiento m\u00e9dico en el hospital.<\/p>\n<p style=\"text-align: justify;\">Acercar la salud a las personas ha sido un sello en la gesti\u00f3n del Gobernador \u00d3scar Cris\u00f3stomo y hoy suma un nuevo hito al respecto, que permitir\u00e1 habilitar una Casa de Acogida para pacientes y familiares del Hospital Regional. Junto a la Directora del Servicio de Salud, Elizabeth Abarca, firmaron un convenio que dar\u00e1 respuesta a un anhelo de las agrupaciones de pacientes oncol\u00f3gicos y del Consejo de la Sociedad Civil del Hospital Herminda Mart\u00edn.<\/p>\n<p style=\"text-align: justify;\">La iniciativa, cuya inversi\u00f3n asciende a $163 millones, permitir\u00e1 ofrecer estad\u00eda temporal en Chill\u00e1n a los usuarios de la red de salud, que deben asistir a los centros de mayor complejidad y que por dificultades econ\u00f3micas, log\u00edsticas y geogr\u00e1ficas, requieren de alojamiento para dar continuidad a sus procesos de atenci\u00f3n. El programa, est\u00e1 pensado para dar esta cobertura, de manera simult\u00e1nea, a 14 personas usuarias del servicio que pertenezcan a comunas rurales de la regi\u00f3n.<\/p>\n<p style=\"text-align: justify;\">Junto con agradecer la compa\u00f1\u00eda de las diferentes organizaciones de la sociedad civil en la ceremonia, el Gobernador Cris\u00f3stomo record\u00f3 que \u201cestamos dando cumplimiento a un compromiso que hab\u00edamos asumido. Recordar que \u00d1uble, es la regi\u00f3n m\u00e1s rural del pa\u00eds, donde las distancias son bastante lejanas, hay lugares donde es muy dif\u00edcil que las personas puedan llegar a sus tratamientos y, si es que llegan, la movilizaci\u00f3n o la estad\u00eda se les hace muy complicada o a veces, muy dif\u00edcil. Es por eso que hace un par de meses atr\u00e1s comprometimos recursos para poder tener la primera Casa de Acogida para personas que padecen c\u00e1ncer u otras enfermedades junto a sus familias\u201d.<\/p>\n<p style=\"text-align: justify;\">Con este proyecto argument\u00f3 Cris\u00f3stomo \u201cvamos cerrando una brecha que ten\u00edamos con aquellas personas que ten\u00edan muchas dificultades en poder hacerse su tratamiento o, lisa y llanamente, algunos no pod\u00edan hacerlo por el traslado y eso es una tremenda dificultad que aleja la salud a las personas. Y lo que nosotros hemos hecho en toda nuestra gesti\u00f3n es precisamente lo contrario, acercar la salud a las personas no solamente hoy con esta Casa de Acogida, sino que adem\u00e1s con diversas infraestructuras que se est\u00e1 actualmente construyendo, algunas que est\u00e1n en predise\u00f1o y otras que estamos dise\u00f1ando, y otras est\u00e1n en licitaci\u00f3n\u201d.<\/p>\n<p style=\"text-align: justify;\">Asimismo, la Directora del Servicio de Salud \u00d1uble, Elizabeth Abarca, calific\u00f3 el hito como un d\u00eda hist\u00f3rico para la red de salud de la regi\u00f3n, y agradeci\u00f3 \u201cal Gobierno Regional, a los consejeros, a las agrupaciones tambi\u00e9n que est\u00e1n ac\u00e1 con nosotros que, sin lugar a duda, han hecho fuerza para que esto se pueda concretar. Todos sabemos las caracter\u00edsticas de nuestra regi\u00f3n y la verdad es que para hacer salud con equidad tambi\u00e9n es fundamental poder contar con estos espacios y con estos recintos que lo que buscan es dar un granito de arena y posicionarnos como una regi\u00f3n en donde la salud se entrega con equidad y con igualdad a nuestros usuarios\u201d.<\/p>\n<p style=\"text-align: justify;\">M\u00e1s de 1.000 pacientes en quimioterapia<\/p>\n<p style=\"text-align: justify;\">Con datos muy concretos, la directora del Hospital Herminda Mart\u00edn, Luz Mar\u00eda Mor\u00e1n, grafic\u00f3 la importancia de este programa. \u201cEstamos atendiendo aproximadamente 1.100 personas en quimioterapia de las cuales m\u00e1s de 690 no son ni de Chill\u00e1n ni de Chill\u00e1n Viejo y, por lo tanto, ellos requieren trasladarse a recibir su quimioterapia. El que tengamos una Casa de Acogida va a ser muy bueno porque podr\u00e1n venir la noche anterior o quedarse ese d\u00eda y no tener que, despu\u00e9s de una quimioterapia, trasladarse largas horas en bus o en aquellos que tengan la oportunidad de hacerlo en auto, por lo tanto, es avance muy importante y era algo muy esperado por todos nuestros usuarios\u201d.<\/p>\n<p style=\"text-align: justify;\">Como representante de las agrupaciones oncol\u00f3gicas, Paulina Castro, relat\u00f3 que \u201ctodos los que hemos pasado o estamos pasando por el tratamiento sabemos lo que significa, el esfuerzo de levantarse temprano, trasladarse y sobre todo despu\u00e9s del tratamiento cuando t\u00fa quedas en una condici\u00f3n un poco delicada, poder establecerte un d\u00eda o dos d\u00edas para poder tener un descanso, y concentrar ojal\u00e1 todas las prestaciones de que necesitamos\u201d.<\/p>\n<p style=\"text-align: justify;\">Finalmente, la Consejera Regional, Lorena Vera, asegur\u00f3 que \u201ces importante que el Consejo Regional, el Gobierno Regional, est\u00e9 disponible para que los recursos puedan llegar y alcanzar para todas las familias que lo requieren. En convenio con el Servicio de Salud hemos logrado avanzar en muchas materias y creo que es importante hoy d\u00eda que se muestre que hemos escuchado a las organizaciones y a las familias que padecen estas enfermedades que son catastr\u00f3ficas y que necesitan no solamente tener el acceso a un tratamiento, sino que m\u00e1s bien tener el acceso a poder llegar a ese tratamiento\u201d.<\/p>\n<p>&nbsp;<\/p>\n<p><img loading=\"lazy\" decoding=\"async\" class=\"alignnone wp-image-31394 size-full\" src=\"https:\/\/www.yungayino.cl\/noticias\/wp-content\/uploads\/2024\/07\/casa-acogida-nuble-1.jpg\" alt=\"\" width=\"700\" height=\"467\" srcset=\"https:\/\/www.yungayino.cl\/noticias\/wp-content\/uploads\/2024\/07\/casa-acogida-nuble-1.jpg 700w, https:\/\/www.yungayino.cl\/noticias\/wp-content\/uploads\/2024\/07\/casa-acogida-nuble-1-300x200.jpg 300w\" sizes=\"auto, (max-width: 700px) 100vw, 700px\" \/><\/p>\n","protected":false},"excerpt":{"rendered":"<p>\u00d1uble, julio 2024: El Gobernador Cris\u00f3stomo, acompa\u00f1ado de organizaciones de la sociedad civil, firm\u00f3 el convenio que permitir\u00e1 al Servicio de Salud, habilitar un espacio para los \u00f1ublensinos que requieran permanecer en la capital&#46;&#46;&#46;<\/p>\n","protected":false},"author":2,"featured_media":31395,"comment_status":"closed","ping_status":"closed","sticky":false,"template":"","format":"standard","meta":{"footnotes":""},"categories":[1,1675,1676,32],"tags":[2824,1115,1678,65,8,6,117],"class_list":["post-31393","post","type-post","status-publish","format-standard","has-post-thumbnail","hentry","category-noticias","category-saludc","category-salud","category-servicios","tag-casa-acogida","tag-noticias","tag-nuble","tag-salud","tag-yungay","tag-yungayino","tag-yungayinocl"],"_links":{"self":[{"href":"https:\/\/www.yungayino.cl\/noticias\/index.php?rest_route=\/wp\/v2\/posts\/31393","targetHints":{"allow":["GET"]}}],"collection":[{"href":"https:\/\/www.yungayino.cl\/noticias\/index.php?rest_route=\/wp\/v2\/posts"}],"about":[{"href":"https:\/\/www.yungayino.cl\/noticias\/index.php?rest_route=\/wp\/v2\/types\/post"}],"author":[{"embeddable":true,"href":"https:\/\/www.yungayino.cl\/noticias\/index.php?rest_route=\/wp\/v2\/users\/2"}],"replies":[{"embeddable":true,"href":"https:\/\/www.yungayino.cl\/noticias\/index.php?rest_route=%2Fwp%2Fv2%2Fcomments&post=31393"}],"version-history":[{"count":2,"href":"https:\/\/www.yungayino.cl\/noticias\/index.php?rest_route=\/wp\/v2\/posts\/31393\/revisions"}],"predecessor-version":[{"id":31397,"href":"https:\/\/www.yungayino.cl\/noticias\/index.php?rest_route=\/wp\/v2\/posts\/31393\/revisions\/31397"}],"wp:featuredmedia":[{"embeddable":true,"href":"https:\/\/www.yungayino.cl\/noticias\/index.php?rest_route=\/wp\/v2\/media\/31395"}],"wp:attachment":[{"href":"https:\/\/www.yungayino.cl\/noticias\/index.php?rest_route=%2Fwp%2Fv2%2Fmedia&parent=31393"}],"wp:term":[{"taxonomy":"category","embeddable":true,"href":"https:\/\/www.yungayino.cl\/noticias\/index.php?rest_route=%2Fwp%2Fv2%2Fcategories&post=31393"},{"taxonomy":"post_tag","embeddable":true,"href":"https:\/\/www.yungayino.cl\/noticias\/index.php?rest_route=%2Fwp%2Fv2%2Ftags&post=31393"}],"curies":[{"name":"wp","href":"https:\/\/api.w.org\/{rel}","templated":true}]}}