{"id":31425,"date":"2024-08-06T18:00:08","date_gmt":"2024-08-06T21:00:08","guid":{"rendered":"https:\/\/www.yungayino.cl\/noticias\/?p=31425"},"modified":"2024-08-07T22:02:57","modified_gmt":"2024-08-08T01:02:57","slug":"inauguracion-de-la-delegacion-municipal-de-campanario","status":"publish","type":"post","link":"https:\/\/www.yungayino.cl\/noticias\/?p=31425","title":{"rendered":"Inauguraci\u00f3n De La Delegaci\u00f3n Municipal de Campanario"},"content":{"rendered":"<p><img loading=\"lazy\" decoding=\"async\" class=\"alignnone wp-image-31426 size-full\" src=\"https:\/\/www.yungayino.cl\/noticias\/wp-content\/uploads\/2024\/08\/delegacion-campanario.jpg\" alt=\"\" width=\"700\" height=\"350\" srcset=\"https:\/\/www.yungayino.cl\/noticias\/wp-content\/uploads\/2024\/08\/delegacion-campanario.jpg 700w, https:\/\/www.yungayino.cl\/noticias\/wp-content\/uploads\/2024\/08\/delegacion-campanario-300x150.jpg 300w\" sizes=\"auto, (max-width: 700px) 100vw, 700px\" \/><\/p>\n<p style=\"text-align: justify;\">Campanario, agosto 2024: Hasta Campanario lleg\u00f3 el alcalde Rafael Cifuentes Rodr\u00edguez junto a su equipo para inaugurar las dependencias de la delegaci\u00f3n Municipal en Campanario, la que funcionar\u00e1 de lunes a viernes con el fin de acercar los servicios a la comunidad.<\/p>\n<p style=\"text-align: justify;\">La construcci\u00f3n de la Delegaci\u00f3n Municipal de Campanario fue financiada a trav\u00e9s de un Fondo Regional de Inversi\u00f3n Local del Gobierno Regional del B\u00edo B\u00edo a fines de 2017 y se termin\u00f3 de construir a mediados de 2019.\u00a0 Originalmente, se ten\u00eda prevista su inauguraci\u00f3n en marzo de 2020; sin embargo, la llegada de la pandemia impidi\u00f3 su puesta en marcha oficial. En 2022, tras el desafortunado incendio que afect\u00f3 al Cesfam de Campanario, la delegaci\u00f3n comenz\u00f3 a ser utilizada para la atenci\u00f3n de los pacientes del establecimiento.<\/p>\n<p style=\"text-align: justify;\">Desde hoy, la delegaci\u00f3n comenzar\u00e1 a operar como fue planeada, para los fines que fue creada, proporcionando los servicios municipales y espacios para la comunidad de Campanario y sus alrededores. Cada departamento municipal se trasladar\u00e1 un d\u00eda a la semana a las dependencias seg\u00fan un calendario, con el objetivo de atender a los habitantes y realizar diversos tr\u00e1mites, favoreciendo el acceso a los vecinos y vecinas.<\/p>\n<p>&nbsp;<\/p>\n<p><img loading=\"lazy\" decoding=\"async\" class=\"alignnone wp-image-31430 size-full\" src=\"https:\/\/www.yungayino.cl\/noticias\/wp-content\/uploads\/2024\/08\/7-agosto-delegacion-municipal-e1723078966799.jpg\" alt=\"\" width=\"700\" height=\"875\" \/><\/p>\n","protected":false},"excerpt":{"rendered":"<p>Campanario, agosto 2024: Hasta Campanario lleg\u00f3 el alcalde Rafael Cifuentes Rodr\u00edguez junto a su equipo para inaugurar las dependencias de la delegaci\u00f3n Municipal en Campanario, la que funcionar\u00e1 de lunes a viernes con el&#46;&#46;&#46;<\/p>\n","protected":false},"author":2,"featured_media":31426,"comment_status":"closed","ping_status":"closed","sticky":false,"template":"","format":"standard","meta":{"footnotes":""},"categories":[3,1,32],"tags":[31,3235,1115,8,6,117],"class_list":["post-31425","post","type-post","status-publish","format-standard","has-post-thumbnail","hentry","category-actualidad","category-noticias","category-servicios","tag-campanario","tag-delegacion-municipal","tag-noticias","tag-yungay","tag-yungayino","tag-yungayinocl"],"_links":{"self":[{"href":"https:\/\/www.yungayino.cl\/noticias\/index.php?rest_route=\/wp\/v2\/posts\/31425","targetHints":{"allow":["GET"]}}],"collection":[{"href":"https:\/\/www.yungayino.cl\/noticias\/index.php?rest_route=\/wp\/v2\/posts"}],"about":[{"href":"https:\/\/www.yungayino.cl\/noticias\/index.php?rest_route=\/wp\/v2\/types\/post"}],"author":[{"embeddable":true,"href":"https:\/\/www.yungayino.cl\/noticias\/index.php?rest_route=\/wp\/v2\/users\/2"}],"replies":[{"embeddable":true,"href":"https:\/\/www.yungayino.cl\/noticias\/index.php?rest_route=%2Fwp%2Fv2%2Fcomments&post=31425"}],"version-history":[{"count":3,"href":"https:\/\/www.yungayino.cl\/noticias\/index.php?rest_route=\/wp\/v2\/posts\/31425\/revisions"}],"predecessor-version":[{"id":31432,"href":"https:\/\/www.yungayino.cl\/noticias\/index.php?rest_route=\/wp\/v2\/posts\/31425\/revisions\/31432"}],"wp:featuredmedia":[{"embeddable":true,"href":"https:\/\/www.yungayino.cl\/noticias\/index.php?rest_route=\/wp\/v2\/media\/31426"}],"wp:attachment":[{"href":"https:\/\/www.yungayino.cl\/noticias\/index.php?rest_route=%2Fwp%2Fv2%2Fmedia&parent=31425"}],"wp:term":[{"taxonomy":"category","embeddable":true,"href":"https:\/\/www.yungayino.cl\/noticias\/index.php?rest_route=%2Fwp%2Fv2%2Fcategories&post=31425"},{"taxonomy":"post_tag","embeddable":true,"href":"https:\/\/www.yungayino.cl\/noticias\/index.php?rest_route=%2Fwp%2Fv2%2Ftags&post=31425"}],"curies":[{"name":"wp","href":"https:\/\/api.w.org\/{rel}","templated":true}]}}