{"id":31451,"date":"2024-08-09T07:00:06","date_gmt":"2024-08-09T10:00:06","guid":{"rendered":"https:\/\/www.yungayino.cl\/noticias\/?p=31451"},"modified":"2024-08-08T14:28:56","modified_gmt":"2024-08-08T17:28:56","slug":"comenzaron-los-juegos-nacionales-de-invierno-nuble-2024","status":"publish","type":"post","link":"https:\/\/www.yungayino.cl\/noticias\/?p=31451","title":{"rendered":"Comenzaron Los Juegos Nacionales De Invierno \u00d1uble 2024"},"content":{"rendered":"<p><img loading=\"lazy\" decoding=\"async\" class=\"alignnone wp-image-31438 size-full\" src=\"https:\/\/www.yungayino.cl\/noticias\/wp-content\/uploads\/2024\/08\/juegos-invierno-nuble-2.jpg\" alt=\"\" width=\"700\" height=\"350\" srcset=\"https:\/\/www.yungayino.cl\/noticias\/wp-content\/uploads\/2024\/08\/juegos-invierno-nuble-2.jpg 700w, https:\/\/www.yungayino.cl\/noticias\/wp-content\/uploads\/2024\/08\/juegos-invierno-nuble-2-300x150.jpg 300w\" sizes=\"auto, (max-width: 700px) 100vw, 700px\" \/><\/p>\n<p style=\"text-align: justify;\">\u00d1uble, agosto 2024: El evento deportivo de Olimpiadas Especiales, financiado por el Gobierno Regional de \u00d1uble, se lleva a cabo en Nevados de Chill\u00e1n y cuenta con la participaci\u00f3n de 70 deportistas con discapacidad intelectual.<\/p>\n<p style=\"text-align: justify;\">Por tercer a\u00f1o consecutivo y con apoyo del Gobierno Regional, \u00d1uble acoge por estos d\u00edas los Juegos Nacionales de Invierno de Olimpiadas Especiales, evento que re\u00fane a 70 deportistas con discapacidad intelectual y que durante esta jornada vivi\u00f3 su ceremonia inaugural en Nevados de Chill\u00e1n, encabezada por el Gobernador \u00d3scar Cris\u00f3stomo, la presidenta de Olimpiadas Especiales Chile, Carolina Picasso y la Subsecretaria del Deporte, Antonia Illanes.<\/p>\n<p style=\"text-align: justify;\">Durante la ceremonia de inauguraci\u00f3n, el Gobernador Cris\u00f3stomo asegur\u00f3 que el apoyo \u201ces parte de una pol\u00edtica regional de inclusi\u00f3n que estamos llevando a cabo, junto con el Comit\u00e9 de Olimpiadas Especiales, tenemos tambi\u00e9n un gran trabajo con la Fundaci\u00f3n Telet\u00f3n y con otros organismos que nos han permitido ir abriendo espacios y, sin lugar a dudas, que para nosotros es muy emocionante recibir a 70 deportistas nacionales que hoy se congregan en Nevados de Chill\u00e1n, un lugar adem\u00e1s muy inspirador, que da todas las garant\u00edas para generar grandes deportes, no solamente nacionales, sino que internacionales, y esto tambi\u00e9n es la antesala de lo que va a ser el Mundial que vamos a desarrollar el 2027 como pa\u00eds\u201d.<\/p>\n<p style=\"text-align: justify;\">Respecto a lo anterior, coment\u00f3 la autoridad, \u201ccomo \u00d1uble queremos ser sede de este mundial, creemos que tres a\u00f1os trabajando con Olimpiadas Especiales en los Juegos de Invierno, y tambi\u00e9n los tuvimos en verano, nos da una expertise, pero principalmente nos da una alta motivaci\u00f3n que nuestro pa\u00eds sea mucho m\u00e1s inclusivo y creo que este tipo de campeonato nos ayuda tambi\u00e9n a sensibilizar a la poblaci\u00f3n, en t\u00e9rminos de poder aceptarnos tal como somos\u201d.<\/p>\n<p style=\"text-align: justify;\">Del mismo modo, muy emocionada, Carolina Picasso, relat\u00f3 que \u201cacabamos de hacer una ceremonia del fuego que fue muy bonita donde se habla justamente del valor de la diferencia, creo que es una tremenda iniciativa que, por tercer a\u00f1o consecutivo, se lleven estos juegos nacionales en \u00d1uble, creo que habla de un compromiso del Gobierno Regional y de las instituciones de la regi\u00f3n, un compromiso con la inclusi\u00f3n y con el deporte como herramienta de desarrollo social\u201d.<\/p>\n<p style=\"text-align: justify;\">Asimismo, la Subsecretaria del Deporte, Antonia Illanes, junto con destacar la organizaci\u00f3n del evento, relev\u00f3 \u201cla cooperaci\u00f3n que ha tenido hace tres a\u00f1os Olimpiadas Especiales con el Gobierno Regional de \u00d1uble, realmente es fundamental, lo dec\u00eda el Gobernador, y nosotros desde el Gobierno Central estamos totalmente involucrados con la inclusi\u00f3n y tambi\u00e9n con la descentralizaci\u00f3n, y por eso mismo estamos trabajando fuertemente en lo que viene para el 2027 con Olimpiadas Especiales\u201d.<\/p>\n<p style=\"text-align: justify;\">La actividad contempla las competencias de snowboard, esqu\u00ed y raqueta de nieve; y ser\u00e1 clasificatoria para los Juegos Mundiales de Tur\u00edn, Italia 2025.<\/p>\n<p>&nbsp;<\/p>\n<p><img loading=\"lazy\" decoding=\"async\" class=\"alignnone wp-image-31437 size-full\" src=\"https:\/\/www.yungayino.cl\/noticias\/wp-content\/uploads\/2024\/08\/juegos-invierno-nuble-1.jpg\" alt=\"\" width=\"700\" height=\"467\" srcset=\"https:\/\/www.yungayino.cl\/noticias\/wp-content\/uploads\/2024\/08\/juegos-invierno-nuble-1.jpg 700w, https:\/\/www.yungayino.cl\/noticias\/wp-content\/uploads\/2024\/08\/juegos-invierno-nuble-1-300x200.jpg 300w\" sizes=\"auto, (max-width: 700px) 100vw, 700px\" \/><\/p>\n","protected":false},"excerpt":{"rendered":"<p>\u00d1uble, agosto 2024: El evento deportivo de Olimpiadas Especiales, financiado por el Gobierno Regional de \u00d1uble, se lleva a cabo en Nevados de Chill\u00e1n y cuenta con la participaci\u00f3n de 70 deportistas con discapacidad&#46;&#46;&#46;<\/p>\n","protected":false},"author":2,"featured_media":31438,"comment_status":"closed","ping_status":"closed","sticky":false,"template":"","format":"standard","meta":{"footnotes":""},"categories":[17,1],"tags":[1120,3236,1115,1678,8,6,117],"class_list":["post-31451","post","type-post","status-publish","format-standard","has-post-thumbnail","hentry","category-deporte","category-noticias","tag-deporte","tag-juegos-nacionales-invierno","tag-noticias","tag-nuble","tag-yungay","tag-yungayino","tag-yungayinocl"],"_links":{"self":[{"href":"https:\/\/www.yungayino.cl\/noticias\/index.php?rest_route=\/wp\/v2\/posts\/31451","targetHints":{"allow":["GET"]}}],"collection":[{"href":"https:\/\/www.yungayino.cl\/noticias\/index.php?rest_route=\/wp\/v2\/posts"}],"about":[{"href":"https:\/\/www.yungayino.cl\/noticias\/index.php?rest_route=\/wp\/v2\/types\/post"}],"author":[{"embeddable":true,"href":"https:\/\/www.yungayino.cl\/noticias\/index.php?rest_route=\/wp\/v2\/users\/2"}],"replies":[{"embeddable":true,"href":"https:\/\/www.yungayino.cl\/noticias\/index.php?rest_route=%2Fwp%2Fv2%2Fcomments&post=31451"}],"version-history":[{"count":2,"href":"https:\/\/www.yungayino.cl\/noticias\/index.php?rest_route=\/wp\/v2\/posts\/31451\/revisions"}],"predecessor-version":[{"id":31456,"href":"https:\/\/www.yungayino.cl\/noticias\/index.php?rest_route=\/wp\/v2\/posts\/31451\/revisions\/31456"}],"wp:featuredmedia":[{"embeddable":true,"href":"https:\/\/www.yungayino.cl\/noticias\/index.php?rest_route=\/wp\/v2\/media\/31438"}],"wp:attachment":[{"href":"https:\/\/www.yungayino.cl\/noticias\/index.php?rest_route=%2Fwp%2Fv2%2Fmedia&parent=31451"}],"wp:term":[{"taxonomy":"category","embeddable":true,"href":"https:\/\/www.yungayino.cl\/noticias\/index.php?rest_route=%2Fwp%2Fv2%2Fcategories&post=31451"},{"taxonomy":"post_tag","embeddable":true,"href":"https:\/\/www.yungayino.cl\/noticias\/index.php?rest_route=%2Fwp%2Fv2%2Ftags&post=31451"}],"curies":[{"name":"wp","href":"https:\/\/api.w.org\/{rel}","templated":true}]}}