{"id":31453,"date":"2024-08-10T07:00:11","date_gmt":"2024-08-10T10:00:11","guid":{"rendered":"https:\/\/www.yungayino.cl\/noticias\/?p=31453"},"modified":"2024-08-08T14:28:30","modified_gmt":"2024-08-08T17:28:30","slug":"pdi-nuble-contara-con-sus-primeros-vehiculos-blindados-gracias-a-la-inversion-del-gobierno-regional","status":"publish","type":"post","link":"https:\/\/www.yungayino.cl\/noticias\/?p=31453","title":{"rendered":"PDI \u00d1uble Contar\u00e1 Con Sus Primeros Veh\u00edculos Blindados Gracias A La Inversi\u00f3n Del Gobierno Regional"},"content":{"rendered":"<p><img loading=\"lazy\" decoding=\"async\" class=\"alignnone wp-image-31441 size-full\" src=\"https:\/\/www.yungayino.cl\/noticias\/wp-content\/uploads\/2024\/08\/vehiculos-pdi.jpg\" alt=\"\" width=\"700\" height=\"350\" srcset=\"https:\/\/www.yungayino.cl\/noticias\/wp-content\/uploads\/2024\/08\/vehiculos-pdi.jpg 700w, https:\/\/www.yungayino.cl\/noticias\/wp-content\/uploads\/2024\/08\/vehiculos-pdi-300x150.jpg 300w\" sizes=\"auto, (max-width: 700px) 100vw, 700px\" \/><\/p>\n<p style=\"text-align: justify;\">\u00d1uble, agosto 2024: Una nueva inversi\u00f3n suma la Regi\u00f3n de \u00d1uble en materia de seguridad. Esta vez se trata de un proyecto que beneficia a la Polic\u00eda de Investigaciones con la adquisici\u00f3n de 37 veh\u00edculos, nueve de ellos blindados, gracias a $2.445 millones que el Consejo Regional aprob\u00f3 en su sesi\u00f3n ordinaria N\u00b0142.<\/p>\n<p style=\"text-align: justify;\">La flota se divide en nueve suv 4&#215;4 con blindaje, los primeros que tendr\u00e1 la Regi\u00f3n Policial de \u00d1uble, adem\u00e1s de trece suv 4&#215;4, trece camionetas 4&#215;4 y dos furgones para transporte de pasajeros; los que vienen a suplir el d\u00e9ficit del parque automotor de las diferentes unidades policiales de la regi\u00f3n.<\/p>\n<p style=\"text-align: justify;\">Como presidente del Consejo Regional, el Gobernador \u00d3scar Cris\u00f3stomo, coment\u00f3 que \u201chemos aprobado casi $2.500 millones para la reposici\u00f3n y adquisici\u00f3n de 37 veh\u00edculos para la Polic\u00eda de Investigaciones. Nueve de ellos son veh\u00edculos blindados que van a permitir ingresar a todos los sectores de nuestra ciudad de Chill\u00e1n y de nuestra regi\u00f3n de \u00d1uble (\u2026) Este es un esfuerzo que estamos haciendo desde el Gobierno Regional y quiero agradecer a todos nuestros consejeros y consejeras por la colaboraci\u00f3n un\u00e1nime que hemos tenido porque finalmente refuerza el compromiso que tenemos con la regi\u00f3n\u201d.<\/p>\n<p style=\"text-align: justify;\">En paralelo, agreg\u00f3 Cris\u00f3stomo, tambi\u00e9n se dio luz verde a la actualizaci\u00f3n del \u201cconvenio de programaci\u00f3n de m\u00e1s de $6.000 millones por parte del Gobierno Regional y una cifra muy superior de m\u00e1s de $20.000 millones por parte de la PDI que nos va a permitir estar en paso firme para la construcci\u00f3n del Cuartel General para \u00d1uble, junto con mayor tecnolog\u00eda y mayor inversi\u00f3n y eso ha sido votado un\u00e1nimemente por nuestro Consejo Regional\u201d.<\/p>\n<p style=\"text-align: justify;\">En ese sentido, el\u00a0 Jefe de la Regi\u00f3n Policial de \u00d1uble prefecto inspector Cristian Parraguez, calific\u00f3 la aprobaci\u00f3n de recursos como tremendamente importante; y destac\u00f3 que estos \u201c37 veh\u00edculos policiales, con tecnolog\u00eda de punta, nueve de ellos son blindados, que van a permitirnos conforme a la criminalidad que viene naciente, trabajar investigativamente en estos delitos (\u2026) ser\u00e1n destinados, especialmente para brigadas antinarc\u00f3ticos, brigadas de homicidio y que tienen relaci\u00f3n con el crimen organizado\u201d.\u00a0 Y agreg\u00f3 que \u201ces un tremendo hito en general para la macro zona sur, porque efectivamente como lo mencionan solamente pose\u00eda veh\u00edculos blindados la regi\u00f3n del Biob\u00edo\u201d.<\/p>\n<p style=\"text-align: justify;\">Compromiso con la seguridad<\/p>\n<p style=\"text-align: justify;\">A su vez, los consejeros regionales reforzaron su compromiso con la seguridad en la aprobaci\u00f3n de estos proyectos que benefician a la Polic\u00eda de Investigaciones. Para el Consejero Regional, John Polanco, quien es vicepresidente de la Comisi\u00f3n de Desarrollo Social y Seguridad, explic\u00f3 que \u201cel poder incorporar tecnolog\u00eda, material rodante, va a hacer m\u00e1s eficiente el trabajo que desarrolla la Polic\u00eda de Investigaciones de Chile, que hoy se va con una noticia bastante importante: se le ha entregado un aporte considerable para equipamiento, tecnolog\u00eda y veh\u00edculos que van a estar destinados a las diferentes comunas\u201d.<\/p>\n<p style=\"text-align: justify;\">Del mismo modo, la Consejera Lorena Vera asegur\u00f3 que \u201csiempre ha habido un esfuerzo de parte de los 16 consejeros y consejeras para poder aprobar las iniciativas que se plantean, tanto por la Polic\u00eda de Investigaciones, en este caso con este convenio de programaci\u00f3n que hoy d\u00eda aprobamos m\u00e1s de $9.300 millones aproximadamente. El Gobierno Regional est\u00e1 invirtiendo cerca de $18.000 millones en materia de seguridad en distintos \u00e1mbitos y eso ha requerido, por supuesto, el trabajo en conjunto del Gobernador, Gobierno Regional con los consejeros y consejeras\u201d.<\/p>\n","protected":false},"excerpt":{"rendered":"<p>\u00d1uble, agosto 2024: Una nueva inversi\u00f3n suma la Regi\u00f3n de \u00d1uble en materia de seguridad. Esta vez se trata de un proyecto que beneficia a la Polic\u00eda de Investigaciones con la adquisici\u00f3n de 37&#46;&#46;&#46;<\/p>\n","protected":false},"author":2,"featured_media":31441,"comment_status":"closed","ping_status":"closed","sticky":false,"template":"","format":"standard","meta":{"footnotes":""},"categories":[3,1,32,2567],"tags":[1115,1678,884,8,6,117],"class_list":["post-31453","post","type-post","status-publish","format-standard","has-post-thumbnail","hentry","category-actualidad","category-noticias","category-servicios","category-social","tag-noticias","tag-nuble","tag-pdi","tag-yungay","tag-yungayino","tag-yungayinocl"],"_links":{"self":[{"href":"https:\/\/www.yungayino.cl\/noticias\/index.php?rest_route=\/wp\/v2\/posts\/31453","targetHints":{"allow":["GET"]}}],"collection":[{"href":"https:\/\/www.yungayino.cl\/noticias\/index.php?rest_route=\/wp\/v2\/posts"}],"about":[{"href":"https:\/\/www.yungayino.cl\/noticias\/index.php?rest_route=\/wp\/v2\/types\/post"}],"author":[{"embeddable":true,"href":"https:\/\/www.yungayino.cl\/noticias\/index.php?rest_route=\/wp\/v2\/users\/2"}],"replies":[{"embeddable":true,"href":"https:\/\/www.yungayino.cl\/noticias\/index.php?rest_route=%2Fwp%2Fv2%2Fcomments&post=31453"}],"version-history":[{"count":2,"href":"https:\/\/www.yungayino.cl\/noticias\/index.php?rest_route=\/wp\/v2\/posts\/31453\/revisions"}],"predecessor-version":[{"id":31455,"href":"https:\/\/www.yungayino.cl\/noticias\/index.php?rest_route=\/wp\/v2\/posts\/31453\/revisions\/31455"}],"wp:featuredmedia":[{"embeddable":true,"href":"https:\/\/www.yungayino.cl\/noticias\/index.php?rest_route=\/wp\/v2\/media\/31441"}],"wp:attachment":[{"href":"https:\/\/www.yungayino.cl\/noticias\/index.php?rest_route=%2Fwp%2Fv2%2Fmedia&parent=31453"}],"wp:term":[{"taxonomy":"category","embeddable":true,"href":"https:\/\/www.yungayino.cl\/noticias\/index.php?rest_route=%2Fwp%2Fv2%2Fcategories&post=31453"},{"taxonomy":"post_tag","embeddable":true,"href":"https:\/\/www.yungayino.cl\/noticias\/index.php?rest_route=%2Fwp%2Fv2%2Ftags&post=31453"}],"curies":[{"name":"wp","href":"https:\/\/api.w.org\/{rel}","templated":true}]}}