{"id":31461,"date":"2024-08-13T07:00:01","date_gmt":"2024-08-13T10:00:01","guid":{"rendered":"https:\/\/www.yungayino.cl\/noticias\/?p=31461"},"modified":"2024-08-08T14:33:20","modified_gmt":"2024-08-08T17:33:20","slug":"el-sistema-de-admision-escolar-abre-su-periodo-de-postulaciones","status":"publish","type":"post","link":"https:\/\/www.yungayino.cl\/noticias\/?p=31461","title":{"rendered":"El Sistema De Admisi\u00f3n Escolar Abre Su Per\u00edodo De Postulaciones"},"content":{"rendered":"<p><img loading=\"lazy\" decoding=\"async\" class=\"alignnone wp-image-31439 size-full\" src=\"https:\/\/www.yungayino.cl\/noticias\/wp-content\/uploads\/2024\/08\/postulacion.jpg\" alt=\"\" width=\"700\" height=\"350\" srcset=\"https:\/\/www.yungayino.cl\/noticias\/wp-content\/uploads\/2024\/08\/postulacion.jpg 700w, https:\/\/www.yungayino.cl\/noticias\/wp-content\/uploads\/2024\/08\/postulacion-300x150.jpg 300w\" sizes=\"auto, (max-width: 700px) 100vw, 700px\" \/><\/p>\n<p style=\"text-align: justify;\">Nacional, agosto 2024: El SEREMI de Educaci\u00f3n, profesor C\u00e9sar Riquelme Alarc\u00f3n, acompa\u00f1ado de Camila Ram\u00edrez, encargada regional del Sistema de Admisi\u00f3n Escolar, anunci\u00f3 el inicio del proceso de postulaci\u00f3n para el Sistema de Admisi\u00f3n Escolar en la regi\u00f3n de \u00d1uble y a nivel nacional. El proceso comenz\u00f3 el viernes 2 de agosto a las 9:00 horas y se extender\u00e1 <strong>hasta el 30 de agosto a las 14:00 horas.<\/strong><\/p>\n<p style=\"text-align: justify;\">El Sistema de Admisi\u00f3n Escolar permite a las familias postular a los establecimientos educacionales para el a\u00f1o 2025, especialmente para aquellos estudiantes que ingresan por primera vez al sistema escolar, como los de prek\u00ednder y primer a\u00f1o b\u00e1sico, as\u00ed como a quienes terminan octavo b\u00e1sico en establecimientos que no ofrecen continuidad.<\/p>\n<p style=\"text-align: justify;\">Camila Ram\u00edrez detall\u00f3 que, a trav\u00e9s de la plataforma en l\u00ednea <strong><a href=\"http:\/\/www.sistemadeadmisionescolar.cl\">www.sistemadeadmisionescolar.cl<\/a><\/strong>, las familias podr\u00e1n revisar la informaci\u00f3n sobre proyectos educativos y reglamentos internos de los establecimientos, permitiendo una elecci\u00f3n m\u00e1s informada. Las postulaciones se podr\u00e1n realizar sin sesgos socioecon\u00f3micos ni acad\u00e9micos, evitando barreras que exist\u00edan en el proceso anterior.<\/p>\n<p style=\"text-align: justify;\">Las familias tienen hasta el 30 de agosto para enviar sus postulaciones y pueden modificar su elecci\u00f3n durante el per\u00edodo. Es importante destacar que no existe un \u201cperiodo de prueba\u201d; una vez que se postula, el cupo en el establecimiento de origen se mantiene hasta que se asigne un nuevo lugar.<\/p>\n<p style=\"text-align: justify;\">Los resultados de las postulaciones se conocer\u00e1n entre el 17 y el 23 de octubre, mientras que los resultados de la lista de espera se publicar\u00e1n el 4 y 5 de noviembre. El per\u00edodo complementario para quienes no obtuvieron cupo ser\u00e1 del 15 al 22 de noviembre, con resultados definitivos publicados el 4 de diciembre. Las matr\u00edculas se realizar\u00e1n del 5 al 13 de diciembre.<\/p>\n<p style=\"text-align: justify;\">Para asistir a las familias durante este proceso, se habilitar\u00e1n puntos de postulaci\u00f3n en cada comuna y se contar\u00e1 con el apoyo de facilitadores de la Secretar\u00eda Regional Ministerial de Educaci\u00f3n y la unidad de Ayuda de Mineduc. Las familias que enfrenten problemas de vinculaci\u00f3n o errores en el proceso deber\u00e1n solicitar asistencia a trav\u00e9s de la plataforma de tr\u00e1mites en l\u00ednea del Mineduc.<\/p>\n<p style=\"text-align: justify;\">Para m\u00e1s informaci\u00f3n, los interesados pueden visitar la plataforma <strong><a href=\"http:\/\/www.sistemadeadmisionescolar.cl\">www.sistemadeadmisionescolar.cl<\/a><\/strong><\/p>\n","protected":false},"excerpt":{"rendered":"<p>Nacional, agosto 2024: El SEREMI de Educaci\u00f3n, profesor C\u00e9sar Riquelme Alarc\u00f3n, acompa\u00f1ado de Camila Ram\u00edrez, encargada regional del Sistema de Admisi\u00f3n Escolar, anunci\u00f3 el inicio del proceso de postulaci\u00f3n para el Sistema de Admisi\u00f3n&#46;&#46;&#46;<\/p>\n","protected":false},"author":2,"featured_media":31439,"comment_status":"closed","ping_status":"closed","sticky":false,"template":"","format":"standard","meta":{"footnotes":""},"categories":[1493,2571,1],"tags":[366,1115,2315,8,6,117],"class_list":["post-31461","post","type-post","status-publish","format-standard","has-post-thumbnail","hentry","category-educacion","category-educacion-2","category-noticias","tag-educacion","tag-noticias","tag-sistema-admision-escolar","tag-yungay","tag-yungayino","tag-yungayinocl"],"_links":{"self":[{"href":"https:\/\/www.yungayino.cl\/noticias\/index.php?rest_route=\/wp\/v2\/posts\/31461","targetHints":{"allow":["GET"]}}],"collection":[{"href":"https:\/\/www.yungayino.cl\/noticias\/index.php?rest_route=\/wp\/v2\/posts"}],"about":[{"href":"https:\/\/www.yungayino.cl\/noticias\/index.php?rest_route=\/wp\/v2\/types\/post"}],"author":[{"embeddable":true,"href":"https:\/\/www.yungayino.cl\/noticias\/index.php?rest_route=\/wp\/v2\/users\/2"}],"replies":[{"embeddable":true,"href":"https:\/\/www.yungayino.cl\/noticias\/index.php?rest_route=%2Fwp%2Fv2%2Fcomments&post=31461"}],"version-history":[{"count":1,"href":"https:\/\/www.yungayino.cl\/noticias\/index.php?rest_route=\/wp\/v2\/posts\/31461\/revisions"}],"predecessor-version":[{"id":31462,"href":"https:\/\/www.yungayino.cl\/noticias\/index.php?rest_route=\/wp\/v2\/posts\/31461\/revisions\/31462"}],"wp:featuredmedia":[{"embeddable":true,"href":"https:\/\/www.yungayino.cl\/noticias\/index.php?rest_route=\/wp\/v2\/media\/31439"}],"wp:attachment":[{"href":"https:\/\/www.yungayino.cl\/noticias\/index.php?rest_route=%2Fwp%2Fv2%2Fmedia&parent=31461"}],"wp:term":[{"taxonomy":"category","embeddable":true,"href":"https:\/\/www.yungayino.cl\/noticias\/index.php?rest_route=%2Fwp%2Fv2%2Fcategories&post=31461"},{"taxonomy":"post_tag","embeddable":true,"href":"https:\/\/www.yungayino.cl\/noticias\/index.php?rest_route=%2Fwp%2Fv2%2Ftags&post=31461"}],"curies":[{"name":"wp","href":"https:\/\/api.w.org\/{rel}","templated":true}]}}