{"id":31491,"date":"2024-08-13T20:00:10","date_gmt":"2024-08-13T23:00:10","guid":{"rendered":"https:\/\/www.yungayino.cl\/noticias\/?p=31491"},"modified":"2024-08-13T22:29:36","modified_gmt":"2024-08-14T01:29:36","slug":"juan-quijada-sub-campeon-nacional-adulto-de-10-000-metros-planos-2024","status":"publish","type":"post","link":"https:\/\/www.yungayino.cl\/noticias\/?p=31491","title":{"rendered":"Juan Quijada Sub &#8211; Campe\u00f3n Nacional Adulto De 10.000 Metros Planos 2024"},"content":{"rendered":"<p><img loading=\"lazy\" decoding=\"async\" class=\"alignnone wp-image-31493 size-full\" src=\"https:\/\/www.yungayino.cl\/noticias\/wp-content\/uploads\/2024\/08\/JUAN-QUIJADA-copia.jpg\" alt=\"\" width=\"700\" height=\"875\" srcset=\"https:\/\/www.yungayino.cl\/noticias\/wp-content\/uploads\/2024\/08\/JUAN-QUIJADA-copia.jpg 700w, https:\/\/www.yungayino.cl\/noticias\/wp-content\/uploads\/2024\/08\/JUAN-QUIJADA-copia-240x300.jpg 240w\" sizes=\"auto, (max-width: 700px) 100vw, 700px\" \/><\/p>\n<p style=\"text-align: justify;\">Yungay, agosto 2024: El deportista Yungayino particip\u00f3 el pasado s\u00e1bado 10 de agosto en el Nacional de 10.000 metros Planos 2024, que se llev\u00f3 a cabo en el estadio Ester Roa Rebolledo.<\/p>\n<p style=\"text-align: justify;\">En esta actividad deportiva participaron 17 competidores de todo el Pa\u00eds, instancia en que el deportista Yungayino obtuvo una nueva mejor marca personal de: 29&#8217;38.45 oficial.<\/p>\n<p style=\"text-align: justify;\">Su pr\u00f3xima competencia ser\u00e1 el domingo 25 de agosto en la carrera de 21 kil\u00f3metros que se llevar\u00e1 a cabo en Buenos Aires.<\/p>\n<p style=\"text-align: justify;\">En la media marat\u00f3n, conocida mundialmente por ser la m\u00e1s r\u00e1pida de Sudam\u00e9rica y la \u00fanica competencia en d\u00f3nde se baj\u00f3 de 1:00.00 hora en la media marat\u00f3n en Sudam\u00e9rica.<\/p>\n<p>&nbsp;<\/p>\n<p><img loading=\"lazy\" decoding=\"async\" class=\"alignnone wp-image-31494 size-full\" src=\"https:\/\/www.yungayino.cl\/noticias\/wp-content\/uploads\/2024\/08\/Juan-Quijada-1-copia.jpg\" alt=\"\" width=\"700\" height=\"1049\" srcset=\"https:\/\/www.yungayino.cl\/noticias\/wp-content\/uploads\/2024\/08\/Juan-Quijada-1-copia.jpg 700w, https:\/\/www.yungayino.cl\/noticias\/wp-content\/uploads\/2024\/08\/Juan-Quijada-1-copia-200x300.jpg 200w, https:\/\/www.yungayino.cl\/noticias\/wp-content\/uploads\/2024\/08\/Juan-Quijada-1-copia-683x1024.jpg 683w\" sizes=\"auto, (max-width: 700px) 100vw, 700px\" \/><\/p>\n<p><img loading=\"lazy\" decoding=\"async\" class=\"alignnone wp-image-31495 size-full\" src=\"https:\/\/www.yungayino.cl\/noticias\/wp-content\/uploads\/2024\/08\/Juan-Quijada-2-copia.jpg\" alt=\"\" width=\"700\" height=\"467\" srcset=\"https:\/\/www.yungayino.cl\/noticias\/wp-content\/uploads\/2024\/08\/Juan-Quijada-2-copia.jpg 700w, https:\/\/www.yungayino.cl\/noticias\/wp-content\/uploads\/2024\/08\/Juan-Quijada-2-copia-300x200.jpg 300w\" sizes=\"auto, (max-width: 700px) 100vw, 700px\" \/><\/p>\n","protected":false},"excerpt":{"rendered":"<p>Yungay, agosto 2024: El deportista Yungayino particip\u00f3 el pasado s\u00e1bado 10 de agosto en el Nacional de 10.000 metros Planos 2024, que se llev\u00f3 a cabo en el estadio Ester Roa Rebolledo. En esta&#46;&#46;&#46;<\/p>\n","protected":false},"author":2,"featured_media":31492,"comment_status":"closed","ping_status":"closed","sticky":false,"template":"","format":"standard","meta":{"footnotes":""},"categories":[17,1],"tags":[1120,1914,1115,8,6,117],"class_list":["post-31491","post","type-post","status-publish","format-standard","has-post-thumbnail","hentry","category-deporte","category-noticias","tag-deporte","tag-juan-quijada","tag-noticias","tag-yungay","tag-yungayino","tag-yungayinocl"],"_links":{"self":[{"href":"https:\/\/www.yungayino.cl\/noticias\/index.php?rest_route=\/wp\/v2\/posts\/31491","targetHints":{"allow":["GET"]}}],"collection":[{"href":"https:\/\/www.yungayino.cl\/noticias\/index.php?rest_route=\/wp\/v2\/posts"}],"about":[{"href":"https:\/\/www.yungayino.cl\/noticias\/index.php?rest_route=\/wp\/v2\/types\/post"}],"author":[{"embeddable":true,"href":"https:\/\/www.yungayino.cl\/noticias\/index.php?rest_route=\/wp\/v2\/users\/2"}],"replies":[{"embeddable":true,"href":"https:\/\/www.yungayino.cl\/noticias\/index.php?rest_route=%2Fwp%2Fv2%2Fcomments&post=31491"}],"version-history":[{"count":2,"href":"https:\/\/www.yungayino.cl\/noticias\/index.php?rest_route=\/wp\/v2\/posts\/31491\/revisions"}],"predecessor-version":[{"id":31497,"href":"https:\/\/www.yungayino.cl\/noticias\/index.php?rest_route=\/wp\/v2\/posts\/31491\/revisions\/31497"}],"wp:featuredmedia":[{"embeddable":true,"href":"https:\/\/www.yungayino.cl\/noticias\/index.php?rest_route=\/wp\/v2\/media\/31492"}],"wp:attachment":[{"href":"https:\/\/www.yungayino.cl\/noticias\/index.php?rest_route=%2Fwp%2Fv2%2Fmedia&parent=31491"}],"wp:term":[{"taxonomy":"category","embeddable":true,"href":"https:\/\/www.yungayino.cl\/noticias\/index.php?rest_route=%2Fwp%2Fv2%2Fcategories&post=31491"},{"taxonomy":"post_tag","embeddable":true,"href":"https:\/\/www.yungayino.cl\/noticias\/index.php?rest_route=%2Fwp%2Fv2%2Ftags&post=31491"}],"curies":[{"name":"wp","href":"https:\/\/api.w.org\/{rel}","templated":true}]}}