{"id":31506,"date":"2024-08-14T07:00:19","date_gmt":"2024-08-14T10:00:19","guid":{"rendered":"https:\/\/www.yungayino.cl\/noticias\/?p=31506"},"modified":"2024-08-14T19:16:36","modified_gmt":"2024-08-14T22:16:36","slug":"capacitacion-del-programa-emprendamos-semilla","status":"publish","type":"post","link":"https:\/\/www.yungayino.cl\/noticias\/?p=31506","title":{"rendered":"Capacitaci\u00f3n Del Programa Emprendamos Semilla"},"content":{"rendered":"<p><img loading=\"lazy\" decoding=\"async\" class=\"alignnone wp-image-31507 size-full\" src=\"https:\/\/www.yungayino.cl\/noticias\/wp-content\/uploads\/2024\/08\/programa-emprede-semilla.jpg\" alt=\"\" width=\"700\" height=\"350\" srcset=\"https:\/\/www.yungayino.cl\/noticias\/wp-content\/uploads\/2024\/08\/programa-emprede-semilla.jpg 700w, https:\/\/www.yungayino.cl\/noticias\/wp-content\/uploads\/2024\/08\/programa-emprede-semilla-300x150.jpg 300w\" sizes=\"auto, (max-width: 700px) 100vw, 700px\" \/><\/p>\n<p style=\"text-align: justify;\">Yungay, agosto 2024: Se realiz\u00f3 la primera capacitaci\u00f3n del programa Emprendamos Semilla SSYOO en nuestra comuna, instancia hasta la que llegaron el alcalde Rafael Cifuentes Rodr\u00edguez y la Directora del Departamento de Desarrollo Comunitario, Pamela Jelves Acu\u00f1a, para acompa\u00f1ar y dar la bienvenida a las usuarias y usuarios.<\/p>\n<p style=\"text-align: justify;\">55 fueron beneficiados este a\u00f1o, quienes recibir\u00e1n diversas capacitaciones, entre las que se incluyen liderazgo, marketing digital, elaboraci\u00f3n de planes de negocios, ventas y habilidades emprendedoras.<\/p>\n<p style=\"text-align: justify;\">El programa \u00abEmprendamos Semilla SSYOO\u00bb, espera impulsar el desarrollo econ\u00f3mico local y brindar a los emprendedores las herramientas necesarias para potenciar sus negocios, generar empleo y contribuir al crecimiento de la comunidad.<\/p>\n","protected":false},"excerpt":{"rendered":"<p>Yungay, agosto 2024: Se realiz\u00f3 la primera capacitaci\u00f3n del programa Emprendamos Semilla SSYOO en nuestra comuna, instancia hasta la que llegaron el alcalde Rafael Cifuentes Rodr\u00edguez y la Directora del Departamento de Desarrollo Comunitario,&#46;&#46;&#46;<\/p>\n","protected":false},"author":2,"featured_media":31507,"comment_status":"closed","ping_status":"closed","sticky":false,"template":"","format":"standard","meta":{"footnotes":""},"categories":[1],"tags":[585,3241,1115,3165,8,6,117],"class_list":["post-31506","post","type-post","status-publish","format-standard","has-post-thumbnail","hentry","category-noticias","tag-capacitacion","tag-emprendamos-semilla","tag-noticias","tag-programa","tag-yungay","tag-yungayino","tag-yungayinocl"],"_links":{"self":[{"href":"https:\/\/www.yungayino.cl\/noticias\/index.php?rest_route=\/wp\/v2\/posts\/31506","targetHints":{"allow":["GET"]}}],"collection":[{"href":"https:\/\/www.yungayino.cl\/noticias\/index.php?rest_route=\/wp\/v2\/posts"}],"about":[{"href":"https:\/\/www.yungayino.cl\/noticias\/index.php?rest_route=\/wp\/v2\/types\/post"}],"author":[{"embeddable":true,"href":"https:\/\/www.yungayino.cl\/noticias\/index.php?rest_route=\/wp\/v2\/users\/2"}],"replies":[{"embeddable":true,"href":"https:\/\/www.yungayino.cl\/noticias\/index.php?rest_route=%2Fwp%2Fv2%2Fcomments&post=31506"}],"version-history":[{"count":1,"href":"https:\/\/www.yungayino.cl\/noticias\/index.php?rest_route=\/wp\/v2\/posts\/31506\/revisions"}],"predecessor-version":[{"id":31508,"href":"https:\/\/www.yungayino.cl\/noticias\/index.php?rest_route=\/wp\/v2\/posts\/31506\/revisions\/31508"}],"wp:featuredmedia":[{"embeddable":true,"href":"https:\/\/www.yungayino.cl\/noticias\/index.php?rest_route=\/wp\/v2\/media\/31507"}],"wp:attachment":[{"href":"https:\/\/www.yungayino.cl\/noticias\/index.php?rest_route=%2Fwp%2Fv2%2Fmedia&parent=31506"}],"wp:term":[{"taxonomy":"category","embeddable":true,"href":"https:\/\/www.yungayino.cl\/noticias\/index.php?rest_route=%2Fwp%2Fv2%2Fcategories&post=31506"},{"taxonomy":"post_tag","embeddable":true,"href":"https:\/\/www.yungayino.cl\/noticias\/index.php?rest_route=%2Fwp%2Fv2%2Ftags&post=31506"}],"curies":[{"name":"wp","href":"https:\/\/api.w.org\/{rel}","templated":true}]}}