{"id":31509,"date":"2024-08-14T15:00:10","date_gmt":"2024-08-14T18:00:10","guid":{"rendered":"https:\/\/www.yungayino.cl\/noticias\/?p=31509"},"modified":"2024-08-14T19:44:45","modified_gmt":"2024-08-14T22:44:45","slug":"taller-de-manualidades-fantasia","status":"publish","type":"post","link":"https:\/\/www.yungayino.cl\/noticias\/?p=31509","title":{"rendered":"Taller De Manualidades Fantas\u00eda"},"content":{"rendered":"<p><img loading=\"lazy\" decoding=\"async\" class=\"alignnone wp-image-31510 size-full\" src=\"https:\/\/www.yungayino.cl\/noticias\/wp-content\/uploads\/2024\/08\/portada-5.jpg\" alt=\"\" width=\"700\" height=\"350\" srcset=\"https:\/\/www.yungayino.cl\/noticias\/wp-content\/uploads\/2024\/08\/portada-5.jpg 700w, https:\/\/www.yungayino.cl\/noticias\/wp-content\/uploads\/2024\/08\/portada-5-300x150.jpg 300w\" sizes=\"auto, (max-width: 700px) 100vw, 700px\" \/><\/p>\n<p style=\"text-align: justify;\">Yungay, agosto 2024: La exposici\u00f3n del taller de manualidades Fantas\u00eda permiti\u00f3 admirar la destreza y creatividad de las talentosas participantes.<\/p>\n<p style=\"text-align: justify;\">El alcalde, junto a la directora de Dideco y el equipo profesional del programa Autonom\u00eda Econ\u00f3mica de la Mujer estuvieron presentes para apoyar y entregar materiales a las participantes, fortaleciendo as\u00ed su compromiso con el empoderamiento femenino y el desarrollo comunitario.<\/p>\n<p style=\"text-align: justify;\">El taller funciona gracias al Programa Autonom\u00eda Econ\u00f3mica de la Mujer de la Direcci\u00f3n de Desarrollo Comunitario, que financia la contrataci\u00f3n de la monitora que dicta y acompa\u00f1a a las alumnas.<\/p>\n<p>&nbsp;<\/p>\n<p style=\"text-align: center;\"><strong>FOTOGRAF\u00cdAS:<\/strong><\/p>\n<p style=\"text-align: center;\"><iframe loading=\"lazy\" style=\"border: none; overflow: hidden;\" src=\"https:\/\/www.facebook.com\/plugins\/post.php?href=https%3A%2F%2Fwww.facebook.com%2Fyungayino.cl%2Fposts%2Fpfbid02KwBqzyofn9u6FkSLGhsGYKuQ6C7V5zGZfL41K226zUe71Ftq4D7RSXybgC5nAX4Wl&amp;show_text=true&amp;width=500\" width=\"500\" height=\"771\" frameborder=\"0\" scrolling=\"no\" allowfullscreen=\"allowfullscreen\"><\/iframe><\/p>\n","protected":false},"excerpt":{"rendered":"<p>Yungay, agosto 2024: La exposici\u00f3n del taller de manualidades Fantas\u00eda permiti\u00f3 admirar la destreza y creatividad de las talentosas participantes. El alcalde, junto a la directora de Dideco y el equipo profesional del programa&#46;&#46;&#46;<\/p>\n","protected":false},"author":2,"featured_media":31510,"comment_status":"closed","ping_status":"closed","sticky":false,"template":"","format":"standard","meta":{"footnotes":""},"categories":[1],"tags":[3193,2858,1115,2909,8,6,117],"class_list":["post-31509","post","type-post","status-publish","format-standard","has-post-thumbnail","hentry","category-noticias","tag-fantasia","tag-manualidades","tag-noticias","tag-taller","tag-yungay","tag-yungayino","tag-yungayinocl"],"_links":{"self":[{"href":"https:\/\/www.yungayino.cl\/noticias\/index.php?rest_route=\/wp\/v2\/posts\/31509","targetHints":{"allow":["GET"]}}],"collection":[{"href":"https:\/\/www.yungayino.cl\/noticias\/index.php?rest_route=\/wp\/v2\/posts"}],"about":[{"href":"https:\/\/www.yungayino.cl\/noticias\/index.php?rest_route=\/wp\/v2\/types\/post"}],"author":[{"embeddable":true,"href":"https:\/\/www.yungayino.cl\/noticias\/index.php?rest_route=\/wp\/v2\/users\/2"}],"replies":[{"embeddable":true,"href":"https:\/\/www.yungayino.cl\/noticias\/index.php?rest_route=%2Fwp%2Fv2%2Fcomments&post=31509"}],"version-history":[{"count":2,"href":"https:\/\/www.yungayino.cl\/noticias\/index.php?rest_route=\/wp\/v2\/posts\/31509\/revisions"}],"predecessor-version":[{"id":31512,"href":"https:\/\/www.yungayino.cl\/noticias\/index.php?rest_route=\/wp\/v2\/posts\/31509\/revisions\/31512"}],"wp:featuredmedia":[{"embeddable":true,"href":"https:\/\/www.yungayino.cl\/noticias\/index.php?rest_route=\/wp\/v2\/media\/31510"}],"wp:attachment":[{"href":"https:\/\/www.yungayino.cl\/noticias\/index.php?rest_route=%2Fwp%2Fv2%2Fmedia&parent=31509"}],"wp:term":[{"taxonomy":"category","embeddable":true,"href":"https:\/\/www.yungayino.cl\/noticias\/index.php?rest_route=%2Fwp%2Fv2%2Fcategories&post=31509"},{"taxonomy":"post_tag","embeddable":true,"href":"https:\/\/www.yungayino.cl\/noticias\/index.php?rest_route=%2Fwp%2Fv2%2Ftags&post=31509"}],"curies":[{"name":"wp","href":"https:\/\/api.w.org\/{rel}","templated":true}]}}