{"id":31542,"date":"2024-08-18T14:00:37","date_gmt":"2024-08-18T17:00:37","guid":{"rendered":"https:\/\/www.yungayino.cl\/noticias\/?p=31542"},"modified":"2024-08-19T13:13:35","modified_gmt":"2024-08-19T16:13:35","slug":"taller-de-arte-y-bisuteria","status":"publish","type":"post","link":"https:\/\/www.yungayino.cl\/noticias\/?p=31542","title":{"rendered":"Taller De Arte y Bisuter\u00eda"},"content":{"rendered":"<p><img loading=\"lazy\" decoding=\"async\" class=\"alignnone wp-image-31543 size-full\" src=\"https:\/\/www.yungayino.cl\/noticias\/wp-content\/uploads\/2024\/08\/portada-9.jpg\" alt=\"\" width=\"700\" height=\"350\" srcset=\"https:\/\/www.yungayino.cl\/noticias\/wp-content\/uploads\/2024\/08\/portada-9.jpg 700w, https:\/\/www.yungayino.cl\/noticias\/wp-content\/uploads\/2024\/08\/portada-9-300x150.jpg 300w\" sizes=\"auto, (max-width: 700px) 100vw, 700px\" \/><\/p>\n<p style=\"text-align: justify;\">Yungay, agosto 2024: En el taller de arte y bisuter\u00eda realizan maravillosas creaciones, as\u00ed lo demostraron en su primera exposici\u00f3n.<\/p>\n<p style=\"text-align: justify;\">La directora del Departamento de Desarrollo Comunitario, Pamela Jelves, junto a la profesional del programa, Karen Novoa entregaron material que fortalecer\u00e1 el funcionamiento del taller, permitiendo que las vecinas contin\u00faen creando y desarrollando su talento.<\/p>\n<p style=\"text-align: justify;\">El taller a cargo del programa Autonom\u00eda Econ\u00f3mica de la Mujer, ha creado piezas \u00fanicas a tan solo meses desde su creaci\u00f3n a cargo de la monitora, Aida Cid, quien est\u00e1 muy orgullosa de cada integrante.<\/p>\n<p>&nbsp;<\/p>\n<p>&nbsp;<\/p>\n<p style=\"text-align: center;\"><strong>FOTOGRAF\u00cdAS:<\/strong><\/p>\n<p style=\"text-align: center;\"><iframe loading=\"lazy\" style=\"border: none; overflow: hidden;\" src=\"https:\/\/www.facebook.com\/plugins\/post.php?href=https%3A%2F%2Fwww.facebook.com%2Fyungayino.cl%2Fposts%2Fpfbid0ibCyz7WkPWHZCr1FY3x8xqUMb5poMHD1XVeMkHxubUY6GBzvKZrAaBuCjdXkRMcEl&amp;show_text=true&amp;width=500\" width=\"500\" height=\"809\" frameborder=\"0\" scrolling=\"no\" allowfullscreen=\"allowfullscreen\"><\/iframe><\/p>\n","protected":false},"excerpt":{"rendered":"<p>Yungay, agosto 2024: En el taller de arte y bisuter\u00eda realizan maravillosas creaciones, as\u00ed lo demostraron en su primera exposici\u00f3n. La directora del Departamento de Desarrollo Comunitario, Pamela Jelves, junto a la profesional del&#46;&#46;&#46;<\/p>\n","protected":false},"author":2,"featured_media":31543,"comment_status":"closed","ping_status":"closed","sticky":false,"template":"","format":"standard","meta":{"footnotes":""},"categories":[1],"tags":[3245,3246,3247,1115,2909,8,6,117],"class_list":["post-31542","post","type-post","status-publish","format-standard","has-post-thumbnail","hentry","category-noticias","tag-aida-cid","tag-arte","tag-bisuteria","tag-noticias","tag-taller","tag-yungay","tag-yungayino","tag-yungayinocl"],"_links":{"self":[{"href":"https:\/\/www.yungayino.cl\/noticias\/index.php?rest_route=\/wp\/v2\/posts\/31542","targetHints":{"allow":["GET"]}}],"collection":[{"href":"https:\/\/www.yungayino.cl\/noticias\/index.php?rest_route=\/wp\/v2\/posts"}],"about":[{"href":"https:\/\/www.yungayino.cl\/noticias\/index.php?rest_route=\/wp\/v2\/types\/post"}],"author":[{"embeddable":true,"href":"https:\/\/www.yungayino.cl\/noticias\/index.php?rest_route=\/wp\/v2\/users\/2"}],"replies":[{"embeddable":true,"href":"https:\/\/www.yungayino.cl\/noticias\/index.php?rest_route=%2Fwp%2Fv2%2Fcomments&post=31542"}],"version-history":[{"count":4,"href":"https:\/\/www.yungayino.cl\/noticias\/index.php?rest_route=\/wp\/v2\/posts\/31542\/revisions"}],"predecessor-version":[{"id":31547,"href":"https:\/\/www.yungayino.cl\/noticias\/index.php?rest_route=\/wp\/v2\/posts\/31542\/revisions\/31547"}],"wp:featuredmedia":[{"embeddable":true,"href":"https:\/\/www.yungayino.cl\/noticias\/index.php?rest_route=\/wp\/v2\/media\/31543"}],"wp:attachment":[{"href":"https:\/\/www.yungayino.cl\/noticias\/index.php?rest_route=%2Fwp%2Fv2%2Fmedia&parent=31542"}],"wp:term":[{"taxonomy":"category","embeddable":true,"href":"https:\/\/www.yungayino.cl\/noticias\/index.php?rest_route=%2Fwp%2Fv2%2Fcategories&post=31542"},{"taxonomy":"post_tag","embeddable":true,"href":"https:\/\/www.yungayino.cl\/noticias\/index.php?rest_route=%2Fwp%2Fv2%2Ftags&post=31542"}],"curies":[{"name":"wp","href":"https:\/\/api.w.org\/{rel}","templated":true}]}}