{"id":31565,"date":"2024-08-20T16:00:16","date_gmt":"2024-08-20T19:00:16","guid":{"rendered":"https:\/\/www.yungayino.cl\/noticias\/?p=31565"},"modified":"2024-08-20T17:50:05","modified_gmt":"2024-08-20T20:50:05","slug":"celebracion-dia-del-nino-y-la-nina-en-biblioteca-de-yungay","status":"publish","type":"post","link":"https:\/\/www.yungayino.cl\/noticias\/?p=31565","title":{"rendered":"Celebraci\u00f3n \u201cD\u00eda del Ni\u00f1o y la Ni\u00f1a\u201d en Biblioteca de Yungay"},"content":{"rendered":"<p><img loading=\"lazy\" decoding=\"async\" class=\"alignnone wp-image-31567 size-full\" src=\"https:\/\/www.yungayino.cl\/noticias\/wp-content\/uploads\/2024\/08\/mes-nino-y-nina.jpg\" alt=\"\" width=\"700\" height=\"700\" srcset=\"https:\/\/www.yungayino.cl\/noticias\/wp-content\/uploads\/2024\/08\/mes-nino-y-nina.jpg 700w, https:\/\/www.yungayino.cl\/noticias\/wp-content\/uploads\/2024\/08\/mes-nino-y-nina-300x300.jpg 300w, https:\/\/www.yungayino.cl\/noticias\/wp-content\/uploads\/2024\/08\/mes-nino-y-nina-150x150.jpg 150w, https:\/\/www.yungayino.cl\/noticias\/wp-content\/uploads\/2024\/08\/mes-nino-y-nina-80x80.jpg 80w, https:\/\/www.yungayino.cl\/noticias\/wp-content\/uploads\/2024\/08\/mes-nino-y-nina-320x320.jpg 320w\" sizes=\"auto, (max-width: 700px) 100vw, 700px\" \/><\/p>\n<p style=\"text-align: justify;\">Yungay, agosto 2024: Biblioteca Municipal de Yungay invita a los ni\u00f1os y ni\u00f1as entre 4 a 10 a\u00f1os a la celebraci\u00f3n \u201cD\u00eda del Ni\u00f1o y la Ni\u00f1a\u201d.<\/p>\n<p style=\"text-align: justify;\">Esta ser\u00e1 una actividad gratuita y quienes quieran participar deben inscribirse al tel\u00e9fono <strong>422 255671<\/strong>.<\/p>\n<p style=\"text-align: justify;\">La invitaci\u00f3n es para el d\u00eda <strong>viernes 23 de agosto a las 18:00 horas<\/strong> en la Biblioteca Municipal de nuestra comuna.<\/p>\n<p style=\"text-align: justify;\">Los que asistan a esta entretenida actividad pueden hacerlo disfrazados o caracterizados de sus personajes favoritos. Ser\u00e1 una tarde de juegos, cuentos, m\u00fasica y mucha entretenci\u00f3n.<\/p>\n","protected":false},"excerpt":{"rendered":"<p>Yungay, agosto 2024: Biblioteca Municipal de Yungay invita a los ni\u00f1os y ni\u00f1as entre 4 a 10 a\u00f1os a la celebraci\u00f3n \u201cD\u00eda del Ni\u00f1o y la Ni\u00f1a\u201d. Esta ser\u00e1 una actividad gratuita y quienes&#46;&#46;&#46;<\/p>\n","protected":false},"author":2,"featured_media":31566,"comment_status":"closed","ping_status":"closed","sticky":false,"template":"","format":"standard","meta":{"footnotes":""},"categories":[5,1],"tags":[583,3250,1115,8,6,117],"class_list":["post-31565","post","type-post","status-publish","format-standard","has-post-thumbnail","hentry","category-eventos","category-noticias","tag-biblioteca","tag-mes-del-nino-y-la-nina","tag-noticias","tag-yungay","tag-yungayino","tag-yungayinocl"],"_links":{"self":[{"href":"https:\/\/www.yungayino.cl\/noticias\/index.php?rest_route=\/wp\/v2\/posts\/31565","targetHints":{"allow":["GET"]}}],"collection":[{"href":"https:\/\/www.yungayino.cl\/noticias\/index.php?rest_route=\/wp\/v2\/posts"}],"about":[{"href":"https:\/\/www.yungayino.cl\/noticias\/index.php?rest_route=\/wp\/v2\/types\/post"}],"author":[{"embeddable":true,"href":"https:\/\/www.yungayino.cl\/noticias\/index.php?rest_route=\/wp\/v2\/users\/2"}],"replies":[{"embeddable":true,"href":"https:\/\/www.yungayino.cl\/noticias\/index.php?rest_route=%2Fwp%2Fv2%2Fcomments&post=31565"}],"version-history":[{"count":1,"href":"https:\/\/www.yungayino.cl\/noticias\/index.php?rest_route=\/wp\/v2\/posts\/31565\/revisions"}],"predecessor-version":[{"id":31568,"href":"https:\/\/www.yungayino.cl\/noticias\/index.php?rest_route=\/wp\/v2\/posts\/31565\/revisions\/31568"}],"wp:featuredmedia":[{"embeddable":true,"href":"https:\/\/www.yungayino.cl\/noticias\/index.php?rest_route=\/wp\/v2\/media\/31566"}],"wp:attachment":[{"href":"https:\/\/www.yungayino.cl\/noticias\/index.php?rest_route=%2Fwp%2Fv2%2Fmedia&parent=31565"}],"wp:term":[{"taxonomy":"category","embeddable":true,"href":"https:\/\/www.yungayino.cl\/noticias\/index.php?rest_route=%2Fwp%2Fv2%2Fcategories&post=31565"},{"taxonomy":"post_tag","embeddable":true,"href":"https:\/\/www.yungayino.cl\/noticias\/index.php?rest_route=%2Fwp%2Fv2%2Ftags&post=31565"}],"curies":[{"name":"wp","href":"https:\/\/api.w.org\/{rel}","templated":true}]}}