{"id":31574,"date":"2024-08-21T07:00:51","date_gmt":"2024-08-21T10:00:51","guid":{"rendered":"https:\/\/www.yungayino.cl\/noticias\/?p=31574"},"modified":"2024-08-21T17:09:23","modified_gmt":"2024-08-21T20:09:23","slug":"promoviendo-la-igualdad-y-la-inclusion","status":"publish","type":"post","link":"https:\/\/www.yungayino.cl\/noticias\/?p=31574","title":{"rendered":"Promoviendo la Igualdad y la Inclusi\u00f3n"},"content":{"rendered":"<p><img loading=\"lazy\" decoding=\"async\" class=\"alignnone wp-image-31575 size-full\" src=\"https:\/\/www.yungayino.cl\/noticias\/wp-content\/uploads\/2024\/08\/5-copia.jpg\" alt=\"\" width=\"700\" height=\"350\" srcset=\"https:\/\/www.yungayino.cl\/noticias\/wp-content\/uploads\/2024\/08\/5-copia.jpg 700w, https:\/\/www.yungayino.cl\/noticias\/wp-content\/uploads\/2024\/08\/5-copia-300x150.jpg 300w\" sizes=\"auto, (max-width: 700px) 100vw, 700px\" \/><\/p>\n<p style=\"text-align: justify;\">Yungay, agosto 2024: En el Colegio Divina Pastora, se realiz\u00f3 una charla sobre Identidad de G\u00e9nero y la Ley Zamudio, dirigida a los estudiantes de 3\u00b0 y 4\u00b0 medio. Esta importante iniciativa fue posible gracias al trabajo intersectorial de la oficina de la Juventud municipal, INJUV y Somos \u00d1uble.<\/p>\n<p style=\"text-align: justify;\">En un mundo cada vez m\u00e1s diverso, es fundamental que nuestros j\u00f3venes comprendan y respeten la identidad de todos y todas, promoviendo una sociedad m\u00e1s inclusiva y justa.<\/p>\n<p style=\"text-align: justify;\">\u00a1Gracias a todos los involucrados por hacer esto posible!<\/p>\n<p>&nbsp;<\/p>\n<p style=\"text-align: center;\"><strong>FOTOGRAF\u00cdAS:<\/strong><\/p>\n<p style=\"text-align: center;\"><iframe loading=\"lazy\" style=\"border: none; overflow: hidden;\" src=\"https:\/\/www.facebook.com\/plugins\/post.php?href=https%3A%2F%2Fwww.facebook.com%2Fyungayino.cl%2Fposts%2Fpfbid02op3hLbQvr1E24VYqSYLer4SL2WnH5MvLpUSPdkaYXZnvLMSNDoBySJueXeCnrrLPl&amp;show_text=true&amp;width=500\" width=\"500\" height=\"829\" frameborder=\"0\" scrolling=\"no\" allowfullscreen=\"allowfullscreen\"><\/iframe><\/p>\n<p>&nbsp;<\/p>\n","protected":false},"excerpt":{"rendered":"<p>Yungay, agosto 2024: En el Colegio Divina Pastora, se realiz\u00f3 una charla sobre Identidad de G\u00e9nero y la Ley Zamudio, dirigida a los estudiantes de 3\u00b0 y 4\u00b0 medio. Esta importante iniciativa fue posible&#46;&#46;&#46;<\/p>\n","protected":false},"author":2,"featured_media":31575,"comment_status":"closed","ping_status":"closed","sticky":false,"template":"","format":"standard","meta":{"footnotes":""},"categories":[1],"tags":[667,3251,1115,3252,8,6,117],"class_list":["post-31574","post","type-post","status-publish","format-standard","has-post-thumbnail","hentry","category-noticias","tag-injuv","tag-juventud-municipal","tag-noticias","tag-somos-nuble","tag-yungay","tag-yungayino","tag-yungayinocl"],"_links":{"self":[{"href":"https:\/\/www.yungayino.cl\/noticias\/index.php?rest_route=\/wp\/v2\/posts\/31574","targetHints":{"allow":["GET"]}}],"collection":[{"href":"https:\/\/www.yungayino.cl\/noticias\/index.php?rest_route=\/wp\/v2\/posts"}],"about":[{"href":"https:\/\/www.yungayino.cl\/noticias\/index.php?rest_route=\/wp\/v2\/types\/post"}],"author":[{"embeddable":true,"href":"https:\/\/www.yungayino.cl\/noticias\/index.php?rest_route=\/wp\/v2\/users\/2"}],"replies":[{"embeddable":true,"href":"https:\/\/www.yungayino.cl\/noticias\/index.php?rest_route=%2Fwp%2Fv2%2Fcomments&post=31574"}],"version-history":[{"count":2,"href":"https:\/\/www.yungayino.cl\/noticias\/index.php?rest_route=\/wp\/v2\/posts\/31574\/revisions"}],"predecessor-version":[{"id":31586,"href":"https:\/\/www.yungayino.cl\/noticias\/index.php?rest_route=\/wp\/v2\/posts\/31574\/revisions\/31586"}],"wp:featuredmedia":[{"embeddable":true,"href":"https:\/\/www.yungayino.cl\/noticias\/index.php?rest_route=\/wp\/v2\/media\/31575"}],"wp:attachment":[{"href":"https:\/\/www.yungayino.cl\/noticias\/index.php?rest_route=%2Fwp%2Fv2%2Fmedia&parent=31574"}],"wp:term":[{"taxonomy":"category","embeddable":true,"href":"https:\/\/www.yungayino.cl\/noticias\/index.php?rest_route=%2Fwp%2Fv2%2Fcategories&post=31574"},{"taxonomy":"post_tag","embeddable":true,"href":"https:\/\/www.yungayino.cl\/noticias\/index.php?rest_route=%2Fwp%2Fv2%2Ftags&post=31574"}],"curies":[{"name":"wp","href":"https:\/\/api.w.org\/{rel}","templated":true}]}}