{"id":31624,"date":"2024-08-28T06:00:57","date_gmt":"2024-08-28T09:00:57","guid":{"rendered":"https:\/\/www.yungayino.cl\/noticias\/?p=31624"},"modified":"2024-08-27T16:23:55","modified_gmt":"2024-08-27T19:23:55","slug":"chao-agosto-se-realizara-en-yungay","status":"publish","type":"post","link":"https:\/\/www.yungayino.cl\/noticias\/?p=31624","title":{"rendered":"Chao Agosto Se Realizar\u00e1 en Yungay"},"content":{"rendered":"<p><img loading=\"lazy\" decoding=\"async\" class=\"alignnone wp-image-31627 size-full\" src=\"https:\/\/www.yungayino.cl\/noticias\/wp-content\/uploads\/2024\/08\/27-agosto-chao-agosto-1.jpg\" alt=\"\" width=\"700\" height=\"700\" srcset=\"https:\/\/www.yungayino.cl\/noticias\/wp-content\/uploads\/2024\/08\/27-agosto-chao-agosto-1.jpg 700w, https:\/\/www.yungayino.cl\/noticias\/wp-content\/uploads\/2024\/08\/27-agosto-chao-agosto-1-300x300.jpg 300w, https:\/\/www.yungayino.cl\/noticias\/wp-content\/uploads\/2024\/08\/27-agosto-chao-agosto-1-150x150.jpg 150w, https:\/\/www.yungayino.cl\/noticias\/wp-content\/uploads\/2024\/08\/27-agosto-chao-agosto-1-80x80.jpg 80w, https:\/\/www.yungayino.cl\/noticias\/wp-content\/uploads\/2024\/08\/27-agosto-chao-agosto-1-320x320.jpg 320w\" sizes=\"auto, (max-width: 700px) 100vw, 700px\" \/><\/p>\n<p style=\"text-align: justify;\">Yungay, agosto 2024: Vamos a despedir agosto con toda la emoci\u00f3n y energ\u00eda que merece. Porque cada d\u00eda es una raz\u00f3n para celebrar la vida y los momentos especiales que compartimos juntos.<\/p>\n<p style=\"text-align: justify;\">Este s\u00e1bado 31 de agosto a las 15:30 horas en el sal\u00f3n comunitario multiuso nos reuniremos en especial con nuestras personas mayores para celebrar que disfrutamos al m\u00e1ximo cada d\u00eda.<\/p>\n<p style=\"text-align: justify;\">Habr\u00e1 m\u00fasica, baile, risas y mucha diversi\u00f3n. No te lo pierdas, juntos hacemos que cada d\u00eda cuente.<\/p>\n<p style=\"text-align: justify;\">Te dejamos en las im\u00e1genes los horarios de veh\u00edculos que habr\u00e1 ese d\u00eda para asistir a la actividad.<\/p>\n<p>&nbsp;<\/p>\n<p><img loading=\"lazy\" decoding=\"async\" class=\"alignnone wp-image-31626 size-full\" src=\"https:\/\/www.yungayino.cl\/noticias\/wp-content\/uploads\/2024\/08\/27-agosto-chao-agosto-2.jpg\" alt=\"\" width=\"700\" height=\"700\" srcset=\"https:\/\/www.yungayino.cl\/noticias\/wp-content\/uploads\/2024\/08\/27-agosto-chao-agosto-2.jpg 700w, https:\/\/www.yungayino.cl\/noticias\/wp-content\/uploads\/2024\/08\/27-agosto-chao-agosto-2-300x300.jpg 300w, https:\/\/www.yungayino.cl\/noticias\/wp-content\/uploads\/2024\/08\/27-agosto-chao-agosto-2-150x150.jpg 150w, https:\/\/www.yungayino.cl\/noticias\/wp-content\/uploads\/2024\/08\/27-agosto-chao-agosto-2-80x80.jpg 80w, https:\/\/www.yungayino.cl\/noticias\/wp-content\/uploads\/2024\/08\/27-agosto-chao-agosto-2-320x320.jpg 320w\" sizes=\"auto, (max-width: 700px) 100vw, 700px\" \/><\/p>\n","protected":false},"excerpt":{"rendered":"<p>Yungay, agosto 2024: Vamos a despedir agosto con toda la emoci\u00f3n y energ\u00eda que merece. Porque cada d\u00eda es una raz\u00f3n para celebrar la vida y los momentos especiales que compartimos juntos. Este s\u00e1bado&#46;&#46;&#46;<\/p>\n","protected":false},"author":2,"featured_media":31625,"comment_status":"closed","ping_status":"closed","sticky":false,"template":"","format":"standard","meta":{"footnotes":""},"categories":[5,1],"tags":[748,1115,8,6,117],"class_list":["post-31624","post","type-post","status-publish","format-standard","has-post-thumbnail","hentry","category-eventos","category-noticias","tag-chao-agosto","tag-noticias","tag-yungay","tag-yungayino","tag-yungayinocl"],"_links":{"self":[{"href":"https:\/\/www.yungayino.cl\/noticias\/index.php?rest_route=\/wp\/v2\/posts\/31624","targetHints":{"allow":["GET"]}}],"collection":[{"href":"https:\/\/www.yungayino.cl\/noticias\/index.php?rest_route=\/wp\/v2\/posts"}],"about":[{"href":"https:\/\/www.yungayino.cl\/noticias\/index.php?rest_route=\/wp\/v2\/types\/post"}],"author":[{"embeddable":true,"href":"https:\/\/www.yungayino.cl\/noticias\/index.php?rest_route=\/wp\/v2\/users\/2"}],"replies":[{"embeddable":true,"href":"https:\/\/www.yungayino.cl\/noticias\/index.php?rest_route=%2Fwp%2Fv2%2Fcomments&post=31624"}],"version-history":[{"count":2,"href":"https:\/\/www.yungayino.cl\/noticias\/index.php?rest_route=\/wp\/v2\/posts\/31624\/revisions"}],"predecessor-version":[{"id":31629,"href":"https:\/\/www.yungayino.cl\/noticias\/index.php?rest_route=\/wp\/v2\/posts\/31624\/revisions\/31629"}],"wp:featuredmedia":[{"embeddable":true,"href":"https:\/\/www.yungayino.cl\/noticias\/index.php?rest_route=\/wp\/v2\/media\/31625"}],"wp:attachment":[{"href":"https:\/\/www.yungayino.cl\/noticias\/index.php?rest_route=%2Fwp%2Fv2%2Fmedia&parent=31624"}],"wp:term":[{"taxonomy":"category","embeddable":true,"href":"https:\/\/www.yungayino.cl\/noticias\/index.php?rest_route=%2Fwp%2Fv2%2Fcategories&post=31624"},{"taxonomy":"post_tag","embeddable":true,"href":"https:\/\/www.yungayino.cl\/noticias\/index.php?rest_route=%2Fwp%2Fv2%2Ftags&post=31624"}],"curies":[{"name":"wp","href":"https:\/\/api.w.org\/{rel}","templated":true}]}}