{"id":31653,"date":"2024-08-27T20:47:12","date_gmt":"2024-08-27T23:47:12","guid":{"rendered":"https:\/\/www.yungayino.cl\/noticias\/?p=31653"},"modified":"2024-08-27T20:47:12","modified_gmt":"2024-08-27T23:47:12","slug":"invitan-a-postular-al-fondo-de-proteccion-ambiental-con-iniciativas-sustentables-por-6-millones","status":"publish","type":"post","link":"https:\/\/www.yungayino.cl\/noticias\/?p=31653","title":{"rendered":"Invitan A Postular Al Fondo De Protecci\u00f3n Ambiental Con Iniciativas Sustentables Por $6 Millones"},"content":{"rendered":"<p><img loading=\"lazy\" decoding=\"async\" class=\"alignnone wp-image-31654 size-full\" src=\"https:\/\/www.yungayino.cl\/noticias\/wp-content\/uploads\/2024\/08\/foto-1.jpg\" alt=\"\" width=\"700\" height=\"350\" srcset=\"https:\/\/www.yungayino.cl\/noticias\/wp-content\/uploads\/2024\/08\/foto-1.jpg 700w, https:\/\/www.yungayino.cl\/noticias\/wp-content\/uploads\/2024\/08\/foto-1-300x150.jpg 300w\" sizes=\"auto, (max-width: 700px) 100vw, 700px\" \/><\/p>\n<p style=\"text-align: justify;\">Septiembre 2024: Organizaciones ciudadanas podr\u00e1n presentar sus proyectos para mejorar o preservar el medio ambiente. Las <strong>postulaciones <\/strong>se extender\u00e1n <strong>hasta el 2 de octubre<\/strong> de este a\u00f1o.<\/p>\n<p style=\"text-align: justify;\">El Fondo de Protecci\u00f3n Ambiental (FPA) es el primer fondo concursable de car\u00e1cter nacional con el que cuenta el Estado de Chile para apoyar iniciativas ambientales presentadas por la ciudadan\u00eda. Desde el a\u00f1o 1998 a la fecha, el FPA-alojado en el Ministerio del Medio Ambiente- ha financiado cerca de 3.800 proyectos a nivel nacional, por un monto que supera los 21 mil millones de pesos.<\/p>\n<p style=\"text-align: justify;\">En este nueva convocatoria-que se extender\u00e1 hasta el 2 de octubre-el FPA busca atraer y apoyar la concreci\u00f3n de proyectos e iniciativas desarrolladas por la ciudadan\u00eda para mejorar las condiciones del entorno natural.<\/p>\n<p style=\"text-align: justify;\">En esta l\u00ednea, el llamado de la ministra Maisa Rojas- en la convocatoria XXVIII de este concurso-va en la l\u00ednea de fomentar la participaci\u00f3n, enfatizando que: \u201cInvitamos a las juntas de vecinos, a los centros de padres y madres, a las comunidades y asociaciones ind\u00edgenas, y a las distintas organizaciones ciudadanas y ambientales, a presentar sus iniciativas al Concurso 2025 del Fondo de Protecci\u00f3n Ambiental, para que puedan mejorar el entorno en que viven y hacer un aporte ante a la triple urgencia ambiental que enfrenta el planeta\u201d.<\/p>\n<p style=\"text-align: justify;\">Agreg\u00f3 adem\u00e1s que \u201cel FPA es una importante herramienta de sensibilizaci\u00f3n ambiental, pues todos sus proyectos persiguen el involucramiento de la ciudadan\u00eda, el compromiso de los vecinos, la contribuci\u00f3n de los ni\u00f1os y ni\u00f1as, que, a trav\u00e9s de la educaci\u00f3n ambiental, transforman su participaci\u00f3n en una experiencia ambiental que genera nuevas formas de relacionarnos con el planeta y el medio ambiente\u201d.<\/p>\n<p style=\"text-align: justify;\">Regionalmente, el Seremi del Medio Ambiente de \u00d1uble, Mario Rivas Pe\u00f1a, se\u00f1ala: \u201cEstamos felices de poder colaborar con diversas organizaciones en financiar y visibilizar iniciativas sustentables que tendr\u00e1n un impacto positivo en su entorno. Este 2024, en el marco del compromiso del Presidente Gabriel Boric con la protecci\u00f3n del medio ambiente, ejecutaremos 7 iniciativas en las comunas de San Nicol\u00e1s, Yungay, Chill\u00e1n, San Fabi\u00e1n, Bulnes, Coihueco y Cobquecura, destacando la creatividad y las alianzas que sustentan cada proyecto, los cuales permitir\u00e1n fomentar la eficiencia energ\u00e9tica, el monitoreo y la conservaci\u00f3n del huemul, el compostaje de residuos org\u00e1nicos domiciliarios y la implementaci\u00f3n de invernaderos, as\u00ed como se\u00f1al\u00e9ticas para un turismo sustentable. Todo esto, con la educaci\u00f3n ambiental como base para la comunidad. Invitamos a las organizaciones de nuestra regi\u00f3n a sumarse a la convocatoria 2025 de los Fondos de Protecci\u00f3n Ambiental, para seguir fortaleciendo nuestro compromiso con un futuro m\u00e1s verde.\u00bb<\/p>\n<p style=\"text-align: justify;\">Los interesados pueden presentar proyectos relacionados con la conservaci\u00f3n y recuperaci\u00f3n de biodiversidad, construcci\u00f3n de invernaderos, instalaci\u00f3n de puntos verdes, iniciativas de eficiencia energ\u00e9tica, cambio clim\u00e1tico y descontaminaci\u00f3n ambiental, entre otros \u00e1mbitos, los cuales podr\u00e1n adjudicarse un financiamiento de $ 6 millones (por cada proyecto).<\/p>\n<p style=\"text-align: justify;\">Respecto a las postulaciones, estar\u00e1n abiertas hasta el 02 de octubre del presente a\u00f1o y se puede\u00a0 postular en <a href=\"http:\/\/www.fondos.mma.gob.cl\">www.fondos.mma.gob.cl<\/a>. Sitio donde, adem\u00e1s, podr\u00e1n informarse sobre las bases del concurso.<\/p>\n<p style=\"text-align: justify;\">Todos los proyectos deben considerar aspectos de educaci\u00f3n ambiental como un pilar transversal, con el objeto que sea la misma organizaci\u00f3n beneficiaria la que contribuya a la generaci\u00f3n de una cultura ambiental en el entorno en que se encuentra inserta.<\/p>\n<p style=\"text-align: justify;\">Las tipolog\u00edas a las que se puede postular son:<\/p>\n<ul>\n<li style=\"text-align: justify;\"><u>Iniciativas Sustentables de Pueblos Ind\u00edgenas<\/u>: Concurso dirigido exclusivamente a comunidades y asociaciones ind\u00edgenas, reconocidas por CONADI.<\/li>\n<li style=\"text-align: justify;\"><u>Iniciativas Sustentables Ciudadanas<\/u>: Podr\u00e1n participar personas jur\u00eddicas, de derecho privado, sin fines de lucro tales como: Juntas de vecinos, consejos vecinales de desarrollo, centros de padres y madres, centros culturales y art\u00edsticos, organizaciones deportivas, organizaciones juveniles, etc.; comunidades agr\u00edcolas; y asociaciones gremiales.<\/li>\n<li style=\"text-align: justify;\"><u>Iniciativas Sustentables de Establecimientos Educacionales<\/u>: Podr\u00e1n participar solamente centros de padres, madres y de apoderados\/as.<\/li>\n<\/ul>\n<p>&nbsp;<\/p>\n<p><img loading=\"lazy\" decoding=\"async\" class=\"alignnone wp-image-31655 size-full\" src=\"https:\/\/www.yungayino.cl\/noticias\/wp-content\/uploads\/2024\/08\/foto-2.jpg\" alt=\"\" width=\"700\" height=\"525\" srcset=\"https:\/\/www.yungayino.cl\/noticias\/wp-content\/uploads\/2024\/08\/foto-2.jpg 700w, https:\/\/www.yungayino.cl\/noticias\/wp-content\/uploads\/2024\/08\/foto-2-300x225.jpg 300w\" sizes=\"auto, (max-width: 700px) 100vw, 700px\" \/><\/p>\n<p><img loading=\"lazy\" decoding=\"async\" class=\"alignnone wp-image-31656 size-full\" src=\"https:\/\/www.yungayino.cl\/noticias\/wp-content\/uploads\/2024\/08\/foto-3.jpg\" alt=\"\" width=\"700\" height=\"525\" srcset=\"https:\/\/www.yungayino.cl\/noticias\/wp-content\/uploads\/2024\/08\/foto-3.jpg 700w, https:\/\/www.yungayino.cl\/noticias\/wp-content\/uploads\/2024\/08\/foto-3-300x225.jpg 300w\" sizes=\"auto, (max-width: 700px) 100vw, 700px\" \/><\/p>\n","protected":false},"excerpt":{"rendered":"<p>Septiembre 2024: Organizaciones ciudadanas podr\u00e1n presentar sus proyectos para mejorar o preservar el medio ambiente. Las postulaciones se extender\u00e1n hasta el 2 de octubre de este a\u00f1o. El Fondo de Protecci\u00f3n Ambiental (FPA) es&#46;&#46;&#46;<\/p>\n","protected":false},"author":2,"featured_media":31654,"comment_status":"closed","ping_status":"closed","sticky":false,"template":"","format":"standard","meta":{"footnotes":""},"categories":[1],"tags":[3205,1115,2926,8,6,117],"class_list":["post-31653","post","type-post","status-publish","format-standard","has-post-thumbnail","hentry","category-noticias","tag-iniciativas-sustentables","tag-noticias","tag-proteccion-ambiental","tag-yungay","tag-yungayino","tag-yungayinocl"],"_links":{"self":[{"href":"https:\/\/www.yungayino.cl\/noticias\/index.php?rest_route=\/wp\/v2\/posts\/31653","targetHints":{"allow":["GET"]}}],"collection":[{"href":"https:\/\/www.yungayino.cl\/noticias\/index.php?rest_route=\/wp\/v2\/posts"}],"about":[{"href":"https:\/\/www.yungayino.cl\/noticias\/index.php?rest_route=\/wp\/v2\/types\/post"}],"author":[{"embeddable":true,"href":"https:\/\/www.yungayino.cl\/noticias\/index.php?rest_route=\/wp\/v2\/users\/2"}],"replies":[{"embeddable":true,"href":"https:\/\/www.yungayino.cl\/noticias\/index.php?rest_route=%2Fwp%2Fv2%2Fcomments&post=31653"}],"version-history":[{"count":2,"href":"https:\/\/www.yungayino.cl\/noticias\/index.php?rest_route=\/wp\/v2\/posts\/31653\/revisions"}],"predecessor-version":[{"id":31658,"href":"https:\/\/www.yungayino.cl\/noticias\/index.php?rest_route=\/wp\/v2\/posts\/31653\/revisions\/31658"}],"wp:featuredmedia":[{"embeddable":true,"href":"https:\/\/www.yungayino.cl\/noticias\/index.php?rest_route=\/wp\/v2\/media\/31654"}],"wp:attachment":[{"href":"https:\/\/www.yungayino.cl\/noticias\/index.php?rest_route=%2Fwp%2Fv2%2Fmedia&parent=31653"}],"wp:term":[{"taxonomy":"category","embeddable":true,"href":"https:\/\/www.yungayino.cl\/noticias\/index.php?rest_route=%2Fwp%2Fv2%2Fcategories&post=31653"},{"taxonomy":"post_tag","embeddable":true,"href":"https:\/\/www.yungayino.cl\/noticias\/index.php?rest_route=%2Fwp%2Fv2%2Ftags&post=31653"}],"curies":[{"name":"wp","href":"https:\/\/api.w.org\/{rel}","templated":true}]}}