{"id":31663,"date":"2024-08-27T22:00:44","date_gmt":"2024-08-28T01:00:44","guid":{"rendered":"https:\/\/www.yungayino.cl\/noticias\/?p=31663"},"modified":"2024-08-27T22:37:57","modified_gmt":"2024-08-28T01:37:57","slug":"carabineros-de-la-cuarta-comisaria-de-yungay-realizo-cuenta-publica-2","status":"publish","type":"post","link":"https:\/\/www.yungayino.cl\/noticias\/?p=31663","title":{"rendered":"Carabineros De La Cuarta Comisar\u00eda De Yungay Realiz\u00f3 Cuenta P\u00fablica"},"content":{"rendered":"<p><img loading=\"lazy\" decoding=\"async\" class=\"alignnone wp-image-31664 size-full\" src=\"https:\/\/www.yungayino.cl\/noticias\/wp-content\/uploads\/2024\/08\/PORTADA-21.jpg\" alt=\"\" width=\"700\" height=\"350\" srcset=\"https:\/\/www.yungayino.cl\/noticias\/wp-content\/uploads\/2024\/08\/PORTADA-21.jpg 700w, https:\/\/www.yungayino.cl\/noticias\/wp-content\/uploads\/2024\/08\/PORTADA-21-300x150.jpg 300w\" sizes=\"auto, (max-width: 700px) 100vw, 700px\" \/><\/p>\n<p style=\"text-align: justify;\">Yungay, agosto 2024: En el auditorio de la Biblioteca Municipal, el Mayor de Carabineros y Comisario de la Cuarta Comisar\u00eda de Carabineros de Yungay Sr. H\u00e9ctor Gonz\u00e1lez Rozas, rindi\u00f3 la <strong>Cuenta P\u00fablica Gesti\u00f3n A\u00f1o 2023<\/strong>, con el objetivo de dar a conocer a las Autoridades Locales, Concejales, Dirigentes Sociales, Invitados Especiales y Comunidad en General el trabajo realizado por la instituci\u00f3n durante esta etapa.<\/p>\n<p style=\"text-align: justify;\">En la ocasi\u00f3n, el Comisario <strong>Sr. Hector Gonz\u00e1lez <\/strong>inici\u00f3 su cuenta solicitando a los presentes un minuto de silencio en honor a los m\u00e1rtires de Carabineros de Chile, para luego continuar con una exposici\u00f3n a los presentes, donde dio a conocer en la cuenta p\u00fablica cifras de procedimientos realizados durante el a\u00f1o 2023, como la incautaci\u00f3n de armas, procedimientos de control de orden p\u00fablico, decomiso de drogas, \u00f3rdenes judiciales, accidentabilidad y controles preventivos en Yungay.<\/p>\n<p style=\"text-align: justify;\">Tambi\u00e9n el Mayor destac\u00f3 el apoyo del Municipio a trav\u00e9s de su alcalde Rafael Cifuentes y el reciente convenio de trabajo colaborativo, el cual busca fortalecer la seguridad y la prevenci\u00f3n del delito a nivel local, a trav\u00e9s de la cooperaci\u00f3n y coordinaci\u00f3n entre ambas instituciones.<\/p>\n<p style=\"text-align: justify;\">En la ocasi\u00f3n tambi\u00e9n se\u00f1alar que alumnas de la Escuela Fernando Baquedano presentaron un n\u00famero musical y que finalmente la cuenta p\u00fablica termin\u00f3 con la interpretaci\u00f3n del Himno Institucional.<\/p>\n<p>&nbsp;<\/p>\n<p>&nbsp;<\/p>\n<p style=\"text-align: center;\"><strong>FOTOGRAF\u00cdAS:<\/strong><\/p>\n<p style=\"text-align: center;\"><iframe loading=\"lazy\" style=\"border: none; overflow: hidden;\" src=\"https:\/\/www.facebook.com\/plugins\/post.php?href=https%3A%2F%2Fwww.facebook.com%2Fyungayino.cl%2Fposts%2Fpfbid0PQuZuXaHBUf41xeYikVY4q4CtQRvoKVFCa7UFumf2VSqZDHnBUNPFt62hLipVdGHl&amp;show_text=true&amp;width=500\" width=\"500\" height=\"829\" frameborder=\"0\" scrolling=\"no\" allowfullscreen=\"allowfullscreen\"><\/iframe><\/p>\n","protected":false},"excerpt":{"rendered":"<p>Yungay, agosto 2024: En el auditorio de la Biblioteca Municipal, el Mayor de Carabineros y Comisario de la Cuarta Comisar\u00eda de Carabineros de Yungay Sr. H\u00e9ctor Gonz\u00e1lez Rozas, rindi\u00f3 la Cuenta P\u00fablica Gesti\u00f3n A\u00f1o&#46;&#46;&#46;<\/p>\n","protected":false},"author":2,"featured_media":31664,"comment_status":"closed","ping_status":"closed","sticky":false,"template":"","format":"standard","meta":{"footnotes":""},"categories":[1],"tags":[25,365,1115,8,6,117],"class_list":["post-31663","post","type-post","status-publish","format-standard","has-post-thumbnail","hentry","category-noticias","tag-carabineros","tag-cuenta-publica","tag-noticias","tag-yungay","tag-yungayino","tag-yungayinocl"],"_links":{"self":[{"href":"https:\/\/www.yungayino.cl\/noticias\/index.php?rest_route=\/wp\/v2\/posts\/31663","targetHints":{"allow":["GET"]}}],"collection":[{"href":"https:\/\/www.yungayino.cl\/noticias\/index.php?rest_route=\/wp\/v2\/posts"}],"about":[{"href":"https:\/\/www.yungayino.cl\/noticias\/index.php?rest_route=\/wp\/v2\/types\/post"}],"author":[{"embeddable":true,"href":"https:\/\/www.yungayino.cl\/noticias\/index.php?rest_route=\/wp\/v2\/users\/2"}],"replies":[{"embeddable":true,"href":"https:\/\/www.yungayino.cl\/noticias\/index.php?rest_route=%2Fwp%2Fv2%2Fcomments&post=31663"}],"version-history":[{"count":3,"href":"https:\/\/www.yungayino.cl\/noticias\/index.php?rest_route=\/wp\/v2\/posts\/31663\/revisions"}],"predecessor-version":[{"id":31667,"href":"https:\/\/www.yungayino.cl\/noticias\/index.php?rest_route=\/wp\/v2\/posts\/31663\/revisions\/31667"}],"wp:featuredmedia":[{"embeddable":true,"href":"https:\/\/www.yungayino.cl\/noticias\/index.php?rest_route=\/wp\/v2\/media\/31664"}],"wp:attachment":[{"href":"https:\/\/www.yungayino.cl\/noticias\/index.php?rest_route=%2Fwp%2Fv2%2Fmedia&parent=31663"}],"wp:term":[{"taxonomy":"category","embeddable":true,"href":"https:\/\/www.yungayino.cl\/noticias\/index.php?rest_route=%2Fwp%2Fv2%2Fcategories&post=31663"},{"taxonomy":"post_tag","embeddable":true,"href":"https:\/\/www.yungayino.cl\/noticias\/index.php?rest_route=%2Fwp%2Fv2%2Ftags&post=31663"}],"curies":[{"name":"wp","href":"https:\/\/api.w.org\/{rel}","templated":true}]}}